{"id":9289,"date":"2024-05-02T16:46:06","date_gmt":"2024-05-02T19:46:06","guid":{"rendered":"https:\/\/cidadebaixaonline.com.br\/?p=9289"},"modified":"2024-05-02T16:46:06","modified_gmt":"2024-05-02T19:46:06","slug":"homem-morre-apos-cair-de-maca-em-frente-ao-hospital-onde-seria-atendido","status":"publish","type":"post","link":"https:\/\/cidadebaixaonline.com.br\/index.php\/2024\/05\/02\/homem-morre-apos-cair-de-maca-em-frente-ao-hospital-onde-seria-atendido\/","title":{"rendered":"Homem morre ap\u00f3s cair de maca em frente ao hospital onde seria atendido"},"content":{"rendered":"\n<p>Um homem de 42 anos morreu ap\u00f3s cair de uma maca ao chegar em frente a um hospital, na \u00faltima ter\u00e7a-feira (30), em Uru\u00e7uca, munic\u00edpio localizado no sul da Bahia.<\/p>\n\n\n\n<p>De acordo com os familiares, o paciente, identificado como Aneilson Concei\u00e7\u00e3o Santos, estava chegando ao Centro de Sa\u00fade Moacir Leite para receber atendimento m\u00e9dico quando caiu da maca.<\/p>\n\n\n\n<p>A Pol\u00edcia Civil da Bahia apontou que os laudos devem auxiliar na identifica\u00e7\u00e3o da causa da morte da v\u00edtima. A ocorr\u00eancia foi registrada na Delegacia Territorial (DT) de Ilh\u00e9us, que emitiu as guias periciais.<\/p>\n\n\n\n<p>Em nota, a Prefeitura de Uru\u00e7uca, por meio da Secretaria Municipal de Sa\u00fade (SMS), informou que ir\u00e1 apurar internamente as condutas dos profissionais envolvidos, bem como aguardar\u00e1 o laudo da per\u00edcia t\u00e9cnica para tomar as medidas necess\u00e1rias.<\/p>\n\n\n\n<p>Ainda, a Prefeitura afirmou que a unidade hospitalar e os equipamentos do hospital (como os ve\u00edculos de transporte de pacientes) est\u00e3o dentro das normas operacionais exigidas para o pleno funcionamento.<\/p>\n\n\n\n<p>Nas redes sociais, uma testemunha chegou a relatar que presenciou o que teria acontecido com Aneilson: \u201ctentei ligar para o pessoal do posto mas n\u00e3o houve retorno, est\u00e1vamos muito preocupados com o que poderia acontecer no momento\u201d, alegou a testemunha.<\/p>\n\n\n\n<p>Ainda segundo a testemunha, o paciente estava mal e gritava de dor.<\/p>\n\n\n\n<p>Familiares usaram as redes para lamentar a perda do paciente: \u201cMeu tio era homem de bem n\u00e3o merecia essa covardia. Que os culpados paguem por isso. Muito triste isso tudo. Queremos justi\u00e7a\u201d, apontou um dos sobrinhos de Aneilson.<\/p>\n\n\n\n<p>Fonte: CNN Brasil<\/p>\n","protected":false},"excerpt":{"rendered":"<p>Um homem de 42 anos morreu ap\u00f3s cair de uma maca ao chegar em frente a um hospital, na \u00faltima ter\u00e7a-feira (30), em Uru\u00e7uca, munic\u00edpio localizado no sul da Bahia. De acordo com os familiares, o paciente, identificado como Aneilson Concei\u00e7\u00e3o Santos, estava chegando ao Centro de Sa\u00fade Moacir Leite para receber atendimento m\u00e9dico quando [&hellip;]<\/p>\n","protected":false},"author":2,"featured_media":9290,"comment_status":"open","ping_status":"open","sticky":false,"template":"","format":"standard","meta":{"jnews-multi-image_gallery":[],"jnews_single_post":[],"jnews_primary_category":[],"footnotes":""},"categories":[105],"tags":[],"class_list":["post-9289","post","type-post","status-publish","format-standard","has-post-thumbnail","hentry","category-policia"],"_links":{"self":[{"href":"https:\/\/cidadebaixaonline.com.br\/index.php\/wp-json\/wp\/v2\/posts\/9289","targetHints":{"allow":["GET"]}}],"collection":[{"href":"https:\/\/cidadebaixaonline.com.br\/index.php\/wp-json\/wp\/v2\/posts"}],"about":[{"href":"https:\/\/cidadebaixaonline.com.br\/index.php\/wp-json\/wp\/v2\/types\/post"}],"author":[{"embeddable":true,"href":"https:\/\/cidadebaixaonline.com.br\/index.php\/wp-json\/wp\/v2\/users\/2"}],"replies":[{"embeddable":true,"href":"https:\/\/cidadebaixaonline.com.br\/index.php\/wp-json\/wp\/v2\/comments?post=9289"}],"version-history":[{"count":1,"href":"https:\/\/cidadebaixaonline.com.br\/index.php\/wp-json\/wp\/v2\/posts\/9289\/revisions"}],"predecessor-version":[{"id":9291,"href":"https:\/\/cidadebaixaonline.com.br\/index.php\/wp-json\/wp\/v2\/posts\/9289\/revisions\/9291"}],"wp:featuredmedia":[{"embeddable":true,"href":"https:\/\/cidadebaixaonline.com.br\/index.php\/wp-json\/wp\/v2\/media\/9290"}],"wp:attachment":[{"href":"https:\/\/cidadebaixaonline.com.br\/index.php\/wp-json\/wp\/v2\/media?parent=9289"}],"wp:term":[{"taxonomy":"category","embeddable":true,"href":"https:\/\/cidadebaixaonline.com.br\/index.php\/wp-json\/wp\/v2\/categories?post=9289"},{"taxonomy":"post_tag","embeddable":true,"href":"https:\/\/cidadebaixaonline.com.br\/index.php\/wp-json\/wp\/v2\/tags?post=9289"}],"curies":[{"name":"wp","href":"https:\/\/api.w.org\/{rel}","templated":true}]}}