{"id":9210,"date":"2024-04-29T13:27:17","date_gmt":"2024-04-29T16:27:17","guid":{"rendered":"https:\/\/cidadebaixaonline.com.br\/?p=9210"},"modified":"2024-04-29T13:27:19","modified_gmt":"2024-04-29T16:27:19","slug":"homicidios-marcam-fim-de-semana-de-violencia-em-feira-de-santana","status":"publish","type":"post","link":"https:\/\/cidadebaixaonline.com.br\/index.php\/2024\/04\/29\/homicidios-marcam-fim-de-semana-de-violencia-em-feira-de-santana\/","title":{"rendered":"Homic\u00eddios marcam fim de semana de viol\u00eancia em Feira de Santana"},"content":{"rendered":"\n<p>Dois homens identificados como Jo\u00e3o Victor Garcez dos Santos, de 25 anos, e Matheus Santos de Abril, de 26, foram mortos entre s\u00e1bado, 27, e domingo, 28, ap\u00f3s receberem v\u00e1rios disparos em um crime que pode ter rela\u00e7\u00e3o com o tr\u00e1fico de drogas.<\/p>\n\n\n\n<p>Jo\u00e3o Victor foi morto no bairro Queimadinha e Matheus Santos no bairro Campo Limpo. De acordo com a Pol\u00edcia Civil, o primeiro caso aconteceu \u00e0s 19h, enquanto o segundo ocorreu \u00e0s 22h30. N\u00e3o h\u00e1 informa\u00e7\u00f5es sobre rela\u00e7\u00e3o entre as duas mortes.<\/p>\n\n\n\n<p>Al\u00e9m dos dois jovens, tamb\u00e9m foi morto Cl\u00e1udio Falc\u00e3o Brito J\u00fanior, de 19 anos, executado em um dep\u00f3sito no bairro Avi\u00e1rio. Ainda um homem que n\u00e3o teve a identidade divulgada foi detido na Avenida Presidente Dutra. Ele ainda tentou fugir ap\u00f3s ser perseguido.<\/p>\n\n\n\n<p>Fonte: A Tarde<\/p>\n","protected":false},"excerpt":{"rendered":"<p>Dois homens identificados como Jo\u00e3o Victor Garcez dos Santos, de 25 anos, e Matheus Santos de Abril, de 26, foram mortos entre s\u00e1bado, 27, e domingo, 28, ap\u00f3s receberem v\u00e1rios disparos em um crime que pode ter rela\u00e7\u00e3o com o tr\u00e1fico de drogas. Jo\u00e3o Victor foi morto no bairro Queimadinha e Matheus Santos no bairro [&hellip;]<\/p>\n","protected":false},"author":2,"featured_media":9211,"comment_status":"open","ping_status":"open","sticky":false,"template":"","format":"standard","meta":{"jnews-multi-image_gallery":[],"jnews_single_post":{"subtitle":"","format":"standard","video":"","gallery":"","source_name":"","source_url":"","via_name":"","via_url":"","override_template":"0","override":[{"template":"1","single_blog_custom":"","parallax":"1","fullscreen":"1","layout":"right-sidebar","sidebar":"default-sidebar","second_sidebar":"default-sidebar","sticky_sidebar":"1","share_position":"top","share_float_style":"share-monocrhome","show_share_counter":"0","show_view_counter":"0","show_featured":"1","show_post_meta":"1","show_post_author":"0","show_post_author_image":"1","show_post_date":"1","post_date_format":"default","post_date_format_custom":"Y\/m\/d","show_post_category":"1","show_post_reading_time":"0","post_reading_time_wpm":"300","show_zoom_button":"0","zoom_button_out_step":"2","zoom_button_in_step":"3","show_post_tag":"1","show_prev_next_post":"1","show_popup_post":"1","number_popup_post":"1","show_author_box":"0","show_post_related":"0","show_inline_post_related":"0"}],"override_image_size":"0","image_override":[{"single_post_thumbnail_size":"no-crop","single_post_gallery_size":"crop-715"}],"trending_post":"0","trending_post_position":"meta","trending_post_label":"Trending","sponsored_post":"0","sponsored_post_label":"Sponsored by","sponsored_post_name":"","sponsored_post_url":"","sponsored_post_logo_enable":"0","sponsored_post_logo":"","sponsored_post_desc":"","disable_ad":"0"},"jnews_primary_category":{"id":"","hide":""},"footnotes":""},"categories":[105],"tags":[],"class_list":["post-9210","post","type-post","status-publish","format-standard","has-post-thumbnail","hentry","category-policia"],"_links":{"self":[{"href":"https:\/\/cidadebaixaonline.com.br\/index.php\/wp-json\/wp\/v2\/posts\/9210","targetHints":{"allow":["GET"]}}],"collection":[{"href":"https:\/\/cidadebaixaonline.com.br\/index.php\/wp-json\/wp\/v2\/posts"}],"about":[{"href":"https:\/\/cidadebaixaonline.com.br\/index.php\/wp-json\/wp\/v2\/types\/post"}],"author":[{"embeddable":true,"href":"https:\/\/cidadebaixaonline.com.br\/index.php\/wp-json\/wp\/v2\/users\/2"}],"replies":[{"embeddable":true,"href":"https:\/\/cidadebaixaonline.com.br\/index.php\/wp-json\/wp\/v2\/comments?post=9210"}],"version-history":[{"count":1,"href":"https:\/\/cidadebaixaonline.com.br\/index.php\/wp-json\/wp\/v2\/posts\/9210\/revisions"}],"predecessor-version":[{"id":9212,"href":"https:\/\/cidadebaixaonline.com.br\/index.php\/wp-json\/wp\/v2\/posts\/9210\/revisions\/9212"}],"wp:featuredmedia":[{"embeddable":true,"href":"https:\/\/cidadebaixaonline.com.br\/index.php\/wp-json\/wp\/v2\/media\/9211"}],"wp:attachment":[{"href":"https:\/\/cidadebaixaonline.com.br\/index.php\/wp-json\/wp\/v2\/media?parent=9210"}],"wp:term":[{"taxonomy":"category","embeddable":true,"href":"https:\/\/cidadebaixaonline.com.br\/index.php\/wp-json\/wp\/v2\/categories?post=9210"},{"taxonomy":"post_tag","embeddable":true,"href":"https:\/\/cidadebaixaonline.com.br\/index.php\/wp-json\/wp\/v2\/tags?post=9210"}],"curies":[{"name":"wp","href":"https:\/\/api.w.org\/{rel}","templated":true}]}}