{"id":9204,"date":"2024-04-29T11:47:03","date_gmt":"2024-04-29T14:47:03","guid":{"rendered":"https:\/\/cidadebaixaonline.com.br\/?p=9204"},"modified":"2024-04-29T11:47:05","modified_gmt":"2024-04-29T14:47:05","slug":"ivanilson-gomes-aponta-crescimento-do-pv-para-disputa-eleitoral-na-bahia-e-ve-saldo-positivo-na-federacao-com-pt-e-pcdob","status":"publish","type":"post","link":"https:\/\/cidadebaixaonline.com.br\/index.php\/2024\/04\/29\/ivanilson-gomes-aponta-crescimento-do-pv-para-disputa-eleitoral-na-bahia-e-ve-saldo-positivo-na-federacao-com-pt-e-pcdob\/","title":{"rendered":"Ivanilson Gomes aponta crescimento do PV para disputa eleitoral na Bahia e v\u00ea &#8220;saldo positivo&#8221; na federa\u00e7\u00e3o com PT e PCdoB"},"content":{"rendered":"\n<p>Passado o per\u00edodo da janela partid\u00e1ria, as legendas come\u00e7am a projetar a disputa eleitoral de 2024 com as defini\u00e7\u00f5es de candidaturas pelos quatro cantos da Bahia. E n\u00e3o \u00e9 diferente no Partido Verde (PV), comandado no Estado por Ivanilson Gomes. Em entrevista ao Bahia Not\u00edcias, o presidente estadual avalia a robustez do partido para a elei\u00e7\u00e3o.<\/p>\n\n\n\n<p>&#8220;Eu acho que n\u00f3s fechamos bem, o balan\u00e7o do PV \u00e9 positivo. N\u00f3s perdemos 14 vereadores e ganhamos 56, isso \u00e9 um ganho real. Tivemos do ponto de vista de diret\u00f3rios n\u00f3s sa\u00edmos de 68 e pulamos pra 180, houve tamb\u00e9m crescimento muito significativo. Prefeitos, apenas dois prefeitos, mas vice-prefeitos n\u00f3s t\u00ednhamos dois e saltamos para oito&#8221;, disse.<\/p>\n\n\n\n<p>Outubro marca a primeira elei\u00e7\u00e3o municipal a ser disputa pelo PV no \u00e2mbito da federa\u00e7\u00e3o Brasil da Esperan\u00e7a, composta ainda pelo PT e PCdoB. Na vis\u00e3o de Ivanilson, a federa\u00e7\u00e3o \u00e9 um instrumento definitivo, &#8220;que veio para ficar&#8221;, especialmente para partidos de esquerda.<\/p>\n\n\n\n<p>&#8220;Acredito profundamente que a federa\u00e7\u00e3o vai ter um excelente desempenho em 2024, n\u00f3s vamos fazer disputa em cerca de 200 munic\u00edpios e boa parte deles n\u00f3s com chances absolutas de ganhar a elei\u00e7\u00e3o e sairemos fortalecidos&#8221;, avaliou.<\/p>\n\n\n\n<p><strong>Confira abaixo a entrevista na \u00edntegra.<\/strong><\/p>\n\n\n\n<p><strong>Presidente, no in\u00edcio do m\u00eas tivemos o fechamento da janela partid\u00e1ria. Qual balan\u00e7o o senhor faz desse per\u00edodo falando especificamente do PV, e j\u00e1 tra\u00e7ando qual ser\u00e1 a estrat\u00e9gia do partido para as elei\u00e7\u00f5es municipais.<\/strong><\/p>\n\n\n\n<p>Eu acho que n\u00f3s fechamos bem, o balan\u00e7o do PV \u00e9 positivo. N\u00f3s perdemos 14 vereadores e ganhamos 56, isso \u00e9 um ganho real. Tivemos do ponto de vista de diret\u00f3rios n\u00f3s sa\u00edmos de 68 e pulamos pra 180, houve tamb\u00e9m crescimento muito significativo. Prefeitos, apenas dois prefeitos, mais vice-prefeitos n\u00f3s t\u00ednhamos dois e saltamos para oito. O balan\u00e7o do ponto de vista do PV \u00e9 positivo. Agora \u00e9 claro que n\u00f3s temos candidaturas majorit\u00e1rias espalhadas pela Bahia. N\u00f3s vamos fazer os encontros regionais do partido para tentar conhecer melhor esse novo partido que saiu da janela, porque n\u00f3s filiamos muita gente mas n\u00e3o tivemos ainda tempo de fazer um debate sobre o nosso programa e os nossos valores. Vamos realizar [encontros] at\u00e9 o dia 18 de junho. Vamos em todas as regi\u00f5es n\u00e3o s\u00f3 conhecer os novos dirigentes partid\u00e1rios, as novas lideran\u00e7as, mas tamb\u00e9m vamos passar para eles o eixo do nosso programa para que valores fundamentais que n\u00f3s defendemos que estejam contido em programa de governo n\u00e3o s\u00f3 de candidaturas nossas mas tamb\u00e9m de candidaturas que o PV vai apoiar. S\u00e3o quest\u00f5es que n\u00f3s n\u00e3o n\u00e3o abriremos m\u00e3o desse tipo de compromisso que acho que a gente tem que assumir com a com a sociedade. Sobre as prefeituras, temos Itagimirim e Aracatu. Em alguns munic\u00edpios j\u00e1 est\u00e3o definidas as candidaturas. Por exemplo, em Mundo Novo a federa\u00e7\u00e3o j\u00e1 definiu que o candidato ser\u00e1 do PV. &nbsp;Em Valen\u00e7a j\u00e1 definimos que o candidato ser\u00e1 Marcos Medrado, do PV. Em outros n\u00f3s temos um processo de constru\u00e7\u00e3o que adotamos dentro da federa\u00e7\u00e3o alguns crit\u00e9rios. A exemplo das pesquisas: o candidato que estiver melhor colocado at\u00e9 o final de maio na pesquisa ser\u00e1 o representante da federa\u00e7\u00e3o. por isso que a gente n\u00e3o tem ainda como ter o balan\u00e7o. Mas a gente avan\u00e7ado muito, a federa\u00e7\u00e3o estadual est\u00e1 se reunindo semanalmente e a gente est\u00e1 tentando acelerar o passo at\u00e9 pra dar uma tranquilidade, uma seguran\u00e7a aquela pessoa que vai ser candidata majorit\u00e1ria para poder fazer a campanha de forma mais segura e tranquila sem ter problemas.<\/p>\n\n\n\n<p><strong>Sempre que o per\u00edodo de elei\u00e7\u00e3o se aproxima as reflex\u00f5es voltam a acontecer. Agora em maio completa dois ano que o TSE aprovou a federa\u00e7\u00e3o Brasil da Esperan\u00e7a. Queria que o senhor avaliasse esses dois anos e como tem sido o saldo para o PV junto ao PT e ao PCdoB?<\/strong><\/p>\n\n\n\n<p>A federa\u00e7\u00e3o \u00e9 um instrumento novo, temos dois anos que ela foi institu\u00edda entre PT do PV e PCdoB e naquele momento foi um pouco mais f\u00e1cil porque se tratava de uma elei\u00e7\u00e3o estadual e nacional, a gente conseguiu fazer uma composi\u00e7\u00e3o com uma rapidez, com mais tranquilidade. Agora nos munic\u00edpios \u00e9 claro que a gente entende que tem dificuldades, todo mundo quer ser candidato majorit\u00e1rio e \u00e0s vezes n\u00e3o d\u00e1 para todo mundo, tem que ser s\u00f3 um. \u00c9 um processo, tem um desgaste da constru\u00e7\u00e3o de um nome, entra outras situa\u00e7\u00f5es, \u00e0s vezes tem um parlamentar que tem base naquele munic\u00edpio e por conta disso ele acaba estimulando candidaturas que n\u00e3o tem viabilidade mas que acaba criando um certo embara\u00e7o na constru\u00e7\u00e3o que a federa\u00e7\u00e3o faz. Mas do ponto de vista de saldo eu considero positivo, a federa\u00e7\u00e3o n\u00e3o \u00e9 uma coliga\u00e7\u00e3o. A federa\u00e7\u00e3o na verdade \u00e9 uma jun\u00e7\u00e3o de ideias pr\u00f3ximas daqueles partidos que tem nos seus programas bandeiras que s\u00e3o semelhantes, n\u00e3o s\u00e3o iguais, mas s\u00e3o semelhantes. H\u00e1 por outro lado tamb\u00e9m a preserva\u00e7\u00e3o da autonomia de cada partido que comp\u00f5e a federa\u00e7\u00e3o, \u00e9 algo que est\u00e1 muito claro no seu estatuto. Tamb\u00e9m o programa de candidaturas majorit\u00e1rias n\u00e3o \u00e9 a xerox do programa de um \u00fanico partido mais sim da constru\u00e7\u00e3o dos tr\u00eas partidos. Ent\u00e3o no geral a federa\u00e7\u00e3o \u00e9 um instrumento muito bom, se for utilizado da forma correta. Mas se ela for vista apenas como uma coliga\u00e7\u00e3o partid\u00e1ria, na minha opini\u00e3o, \u00e9 um erro e isso acaba n\u00e3o dando certo l\u00e1 na frente, porque se tr\u00eas partidos disputam a elei\u00e7\u00e3o e ganha elei\u00e7\u00e3o os tr\u00eas partidos governam juntos com um programa previamente constru\u00eddo a tr\u00eas m\u00e3os. E \u00e9 exatamente com esse entendimento que n\u00f3s vamos para a disputa. Acredito profundamente que a federa\u00e7\u00e3o vai ter um excelente desempenho em 2024, n\u00f3s vamos fazer disputa em cerca de 200 munic\u00edpios e boa parte deles n\u00f3s com chances absolutas de ganhar a elei\u00e7\u00e3o e sairemos fortalecidos. Porque \u00e0s vezes a gente mede muito o quantitativo por exemplo &#8216;for\u00e7a A fez 50 prefeitos, for\u00e7a B fez 100&#8217;. Mas \u00e9 preciso saber se as 50 prefeituras que a for\u00e7a A fez, qual \u00e9 a quantidade de eleitorado. Quantos eleitores ou quantas pessoas est\u00e3o sob a gest\u00e3o desses 50 munic\u00edpios, isso \u00e9 muito importante. Se a gente pega a Regi\u00e3o Metropolitana, todas as candidaturas s\u00e3o candidatos da federa\u00e7\u00e3o. Sem contar Feira de Santana, Vit\u00f3ria da Conquista, Ilh\u00e9us. Acho que h\u00e1 uma robustez de candidaturas espalhadas por todos os territ\u00f3rios da Bahia. Por isso eu acho que vai ter uma vit\u00f3ria pol\u00edtica da federa\u00e7\u00e3o e tamb\u00e9m eleitoral, pode n\u00e3o ser quantitativa mas eleitoral e pol\u00edtica eu n\u00e3o tenho a menor d\u00favida que a federa\u00e7\u00e3o vai ser a for\u00e7a que vai sair mais fortalecida nesse processo de 2024.<\/p>\n\n\n\n<p><strong>Falando um pouco sobre Bras\u00edlia, o senhor \u00e9 membro da executiva nacional. Como voc\u00ea tem visto a atua\u00e7\u00e3o do partido a n\u00edvel nacional, e se j\u00e1 h\u00e1 um indicativo que essa federa\u00e7\u00e3o pode n\u00e3o ser reafirmada em 2026?<\/strong><\/p>\n\n\n\n<p>A nossa esperan\u00e7a e expectativa \u00e9 que seja reafirmado. Eu entendo hoje que essa federa\u00e7\u00e3o trouxe o Partido Verde para o seu campo original que \u00e9 mais a esquerda. Acredito que problemas n\u00f3s ter\u00edamos em qualquer federa\u00e7\u00e3o. Se hoje temos problemas na constru\u00e7\u00e3o com o PT e PCdoB teremos se formos para outra federa\u00e7\u00e3o com outros partidos. Acredito que foi um momento de conhecimento e de entendimento do funcionamento da federa\u00e7\u00e3o. E seria natural que houvessem problemas porque todo mundo est\u00e1 tentando lidar com esse instrumento novo, e talvez o nosso maior teste \u00e9 exatamente as elei\u00e7\u00f5es municipais por conta das suas m\u00faltiplas diverg\u00eancias em cada munic\u00edpio. Acho que a federa\u00e7\u00e3o veio com o proposito de aproximar ideias que d\u00e3o suporte ao governo Lula e isso vem acontecendo. A gente precisa reafirmar essa condi\u00e7\u00e3o de um governo democr\u00e1tico e de esquerda, eu acho que a federa\u00e7\u00e3o ajuda nesse contexto. N\u00e3o h\u00e1 nenhum ru\u00eddo em rela\u00e7\u00e3o a sair da federa\u00e7\u00e3o, podemos pensar at\u00e9 em ampliar. A federa\u00e7\u00e3o tem tr\u00eas partidos, pode ampliar para quatro ou cinco. A federa\u00e7\u00e3o \u00e9 um instrumento que veio para ficar, ela n\u00e3o \u00e9 experi\u00eancia tempor\u00e1ria. Todos os partidos est\u00e3o buscando e conversando entre si para fazer a federa\u00e7\u00e3o. Partidos de esquerda que n\u00e3o federaram diminu\u00edram suas bancadas. \u00c9 um caminho sem volta e \u00e9 poss\u00edvel que em 2026 tenhamos a maioria dos partidos federados.<\/p>\n\n\n\n<p><strong>Em rela\u00e7\u00e3o a presid\u00eancia do partido, o presidente Jos\u00e9 Luiz Penna foi reconduzido ano passado e j\u00e1 acumula um longo per\u00edodo no comando do PV. Existem conversas em curso para renovar a presid\u00eancia do Partido Verde? Ivanilson Gomes tem aspira\u00e7\u00e3o para assumir esse posto?<\/strong><\/p>\n\n\n\n<p>A gente sabe da longevidade do presidente Penna mas ele \u00e9 sempre conduzido com o apoio da maioria dos dirigentes nacionais, ele tamb\u00e9m tem conversado e eu tenho falado com ele que est\u00e1 na hora de fazer essa transi\u00e7\u00e3o, construir possibilidades, dar uma oxigenada no partido. Ele \u00e9 e sempre ser\u00e1 pe\u00e7a fundamental no partido independente de ser ou n\u00e3o presidente pelo servi\u00e7o prestado ao partido mas eu acho que \u00e9 sempre importante fazer mudan\u00e7as peri\u00f3dicas, ele tem esse entendimento que \u00e9 preciso fazer isso. Mas com responsabilidade para que o partido n\u00e3o acabe parando em m\u00e3os erradas. Com rela\u00e7\u00e3o ao meu nome eu sempre fui um soldado do partido, fui por oito anos presidente da funda\u00e7\u00e3o do partido em Bras\u00edlia, hoje eu sou diretor administrativo e financeiro da funda\u00e7\u00e3o, tenho simpatia de v\u00e1rios dirigentes em rela\u00e7\u00e3o ao meu nome mas de fato nunca coloquei nessa condi\u00e7\u00e3o de fazer qualquer tipo de disputa, mas estarei sempre a disposi\u00e7\u00e3o do partido para ajudar e conduzir o PV para um protagonismo maior. Evidente que n\u00e3o sou daqueles que saio criticando, jogando pedra no presidente, tentando fazer qualquer movimento pessoal, eu n\u00e3o fa\u00e7o. Eu sou um homem de partido, eu penso que o problema \u00e0s vezes n\u00e3o est\u00e1 no nome, est\u00e1 no projeto. Eu digo sempre n\u00e3o adianta voc\u00ea preparar um zagueiro o tempo inteiro e botar ele pra ser centroavante, n\u00e3o funciona. Se voc\u00ea tem um programa arrojado voc\u00ea tem que encontrar algu\u00e9m que tenha capacidade primeiro de verbalizar e de liderar esse projeto. O nome para mim \u00e9 algo que precisa vir depois do projeto constru\u00eddo e n\u00e3o antes. \u00c9 isso que eu defendo.<\/p>\n\n\n\n<p>Fonte: Bahia Not\u00edcias<\/p>\n","protected":false},"excerpt":{"rendered":"<p>Passado o per\u00edodo da janela partid\u00e1ria, as legendas come\u00e7am a projetar a disputa eleitoral de 2024 com as defini\u00e7\u00f5es de candidaturas pelos quatro cantos da Bahia. E n\u00e3o \u00e9 diferente no Partido Verde (PV), comandado no Estado por Ivanilson Gomes. Em entrevista ao Bahia Not\u00edcias, o presidente estadual avalia a robustez do partido para a [&hellip;]<\/p>\n","protected":false},"author":2,"featured_media":9205,"comment_status":"open","ping_status":"open","sticky":false,"template":"","format":"standard","meta":{"jnews-multi-image_gallery":[],"jnews_single_post":{"subtitle":"","format":"standard","video":"","gallery":"","source_name":"","source_url":"","via_name":"","via_url":"","override_template":"0","override":[{"template":"1","single_blog_custom":"","parallax":"1","fullscreen":"1","layout":"right-sidebar","sidebar":"default-sidebar","second_sidebar":"default-sidebar","sticky_sidebar":"1","share_position":"top","share_float_style":"share-monocrhome","show_share_counter":"0","show_view_counter":"0","show_featured":"1","show_post_meta":"1","show_post_author":"0","show_post_author_image":"1","show_post_date":"1","post_date_format":"default","post_date_format_custom":"Y\/m\/d","show_post_category":"1","show_post_reading_time":"0","post_reading_time_wpm":"300","show_zoom_button":"0","zoom_button_out_step":"2","zoom_button_in_step":"3","show_post_tag":"1","show_prev_next_post":"1","show_popup_post":"1","number_popup_post":"1","show_author_box":"0","show_post_related":"0","show_inline_post_related":"0"}],"override_image_size":"0","image_override":[{"single_post_thumbnail_size":"no-crop","single_post_gallery_size":"crop-715"}],"trending_post":"0","trending_post_position":"meta","trending_post_label":"Trending","sponsored_post":"0","sponsored_post_label":"Sponsored by","sponsored_post_name":"","sponsored_post_url":"","sponsored_post_logo_enable":"0","sponsored_post_logo":"","sponsored_post_desc":"","disable_ad":"0"},"jnews_primary_category":{"id":"","hide":""},"footnotes":""},"categories":[91],"tags":[],"class_list":["post-9204","post","type-post","status-publish","format-standard","has-post-thumbnail","hentry","category-politica"],"_links":{"self":[{"href":"https:\/\/cidadebaixaonline.com.br\/index.php\/wp-json\/wp\/v2\/posts\/9204","targetHints":{"allow":["GET"]}}],"collection":[{"href":"https:\/\/cidadebaixaonline.com.br\/index.php\/wp-json\/wp\/v2\/posts"}],"about":[{"href":"https:\/\/cidadebaixaonline.com.br\/index.php\/wp-json\/wp\/v2\/types\/post"}],"author":[{"embeddable":true,"href":"https:\/\/cidadebaixaonline.com.br\/index.php\/wp-json\/wp\/v2\/users\/2"}],"replies":[{"embeddable":true,"href":"https:\/\/cidadebaixaonline.com.br\/index.php\/wp-json\/wp\/v2\/comments?post=9204"}],"version-history":[{"count":1,"href":"https:\/\/cidadebaixaonline.com.br\/index.php\/wp-json\/wp\/v2\/posts\/9204\/revisions"}],"predecessor-version":[{"id":9206,"href":"https:\/\/cidadebaixaonline.com.br\/index.php\/wp-json\/wp\/v2\/posts\/9204\/revisions\/9206"}],"wp:featuredmedia":[{"embeddable":true,"href":"https:\/\/cidadebaixaonline.com.br\/index.php\/wp-json\/wp\/v2\/media\/9205"}],"wp:attachment":[{"href":"https:\/\/cidadebaixaonline.com.br\/index.php\/wp-json\/wp\/v2\/media?parent=9204"}],"wp:term":[{"taxonomy":"category","embeddable":true,"href":"https:\/\/cidadebaixaonline.com.br\/index.php\/wp-json\/wp\/v2\/categories?post=9204"},{"taxonomy":"post_tag","embeddable":true,"href":"https:\/\/cidadebaixaonline.com.br\/index.php\/wp-json\/wp\/v2\/tags?post=9204"}],"curies":[{"name":"wp","href":"https:\/\/api.w.org\/{rel}","templated":true}]}}