{"id":9140,"date":"2024-04-24T12:11:06","date_gmt":"2024-04-24T15:11:06","guid":{"rendered":"https:\/\/cidadebaixaonline.com.br\/?p=9140"},"modified":"2024-04-24T12:11:08","modified_gmt":"2024-04-24T15:11:08","slug":"homem-e-condenado-a-14-anos-de-prisao-por-morte-de-bailarino-do-tca","status":"publish","type":"post","link":"https:\/\/cidadebaixaonline.com.br\/index.php\/2024\/04\/24\/homem-e-condenado-a-14-anos-de-prisao-por-morte-de-bailarino-do-tca\/","title":{"rendered":"Homem \u00e9 condenado a 14 anos de pris\u00e3o por morte de bailarino do TCA"},"content":{"rendered":"\n<p>Gefferson do Nascimento de Oliveira, acusado de matar o core\u00f3grafo e bailarino do Teatro Castro Alves, Ajax Vianna, em dezembro de 2020, em Salvador. Foi condenado na ter\u00e7a-feira (9), a 14 anos de pris\u00e3o depois de mais de 15 horas de julgamento.&nbsp;<\/p>\n\n\n\n<p>A Justi\u00e7a decidiu que Gefferson Oliveira ir\u00e1 responder o processo inicialment em liberdade, por conta da decis\u00e3o ainda caber recurso.&nbsp;<\/p>\n\n\n\n<p>Todas as teses do Minist\u00e9rio P\u00fablico da Bahia (MP-BA) apresentadas pela promotora, Isabel Adelaide Moura, foram acatadas pela Justi\u00e7a. O crime foi qualificado por motivo torpe e emprego de recurso, o que impossibilita a defesa da v\u00edtima.&nbsp;<\/p>\n\n\n\n<p><strong>Relembre o caso&nbsp;<\/strong><\/p>\n\n\n\n<p>O bailarino Ajax Vianna, foi encontrado morto dentro do seu apartamento no bairro da Pituba no dia 23 de dezembro de 2020. Ele fazia parte do Bal\u00e9 do Teatro Castro Alves h\u00e1 38 anos e se relacionava com o condenado do crime h\u00e1 cerca de quatro anos.&nbsp;<\/p>\n\n\n\n<p>Na \u00e9poca, Gefferson do Nascimento Oliveira confessou o crime e foi preso em flagrante, mas 10 meses depois foi liberado para responder o julgamento em liberdade.<\/p>\n\n\n\n<p>A Pol\u00edcia Civil n\u00e3o divulgou a motiva\u00e7\u00e3o do crime na \u00e9poca, mas informou que Gefferson tinha passagem por estupro de vulner\u00e1vel e mandado de pris\u00e3o em aberto.\u00a0<\/p>\n\n\n\n<p>Fonte: Varela Net<\/p>\n","protected":false},"excerpt":{"rendered":"<p>Gefferson do Nascimento de Oliveira, acusado de matar o core\u00f3grafo e bailarino do Teatro Castro Alves, Ajax Vianna, em dezembro de 2020, em Salvador. Foi condenado na ter\u00e7a-feira (9), a 14 anos de pris\u00e3o depois de mais de 15 horas de julgamento.&nbsp; A Justi\u00e7a decidiu que Gefferson Oliveira ir\u00e1 responder o processo inicialment em liberdade, [&hellip;]<\/p>\n","protected":false},"author":2,"featured_media":9141,"comment_status":"open","ping_status":"open","sticky":false,"template":"","format":"standard","meta":{"jnews-multi-image_gallery":[],"jnews_single_post":{"subtitle":"","format":"standard","video":"","gallery":"","source_name":"","source_url":"","via_name":"","via_url":"","override_template":"0","override":[{"template":"1","single_blog_custom":"","parallax":"1","fullscreen":"1","layout":"right-sidebar","sidebar":"default-sidebar","second_sidebar":"default-sidebar","sticky_sidebar":"1","share_position":"top","share_float_style":"share-monocrhome","show_share_counter":"0","show_view_counter":"0","show_featured":"1","show_post_meta":"1","show_post_author":"0","show_post_author_image":"1","show_post_date":"1","post_date_format":"default","post_date_format_custom":"Y\/m\/d","show_post_category":"1","show_post_reading_time":"0","post_reading_time_wpm":"300","show_zoom_button":"0","zoom_button_out_step":"2","zoom_button_in_step":"3","show_post_tag":"1","show_prev_next_post":"1","show_popup_post":"1","number_popup_post":"1","show_author_box":"0","show_post_related":"0","show_inline_post_related":"0"}],"override_image_size":"0","image_override":[{"single_post_thumbnail_size":"no-crop","single_post_gallery_size":"crop-715"}],"trending_post":"0","trending_post_position":"meta","trending_post_label":"Trending","sponsored_post":"0","sponsored_post_label":"Sponsored by","sponsored_post_name":"","sponsored_post_url":"","sponsored_post_logo_enable":"0","sponsored_post_logo":"","sponsored_post_desc":"","disable_ad":"0"},"jnews_primary_category":{"id":"","hide":""},"footnotes":""},"categories":[107],"tags":[],"class_list":["post-9140","post","type-post","status-publish","format-standard","has-post-thumbnail","hentry","category-justica"],"_links":{"self":[{"href":"https:\/\/cidadebaixaonline.com.br\/index.php\/wp-json\/wp\/v2\/posts\/9140","targetHints":{"allow":["GET"]}}],"collection":[{"href":"https:\/\/cidadebaixaonline.com.br\/index.php\/wp-json\/wp\/v2\/posts"}],"about":[{"href":"https:\/\/cidadebaixaonline.com.br\/index.php\/wp-json\/wp\/v2\/types\/post"}],"author":[{"embeddable":true,"href":"https:\/\/cidadebaixaonline.com.br\/index.php\/wp-json\/wp\/v2\/users\/2"}],"replies":[{"embeddable":true,"href":"https:\/\/cidadebaixaonline.com.br\/index.php\/wp-json\/wp\/v2\/comments?post=9140"}],"version-history":[{"count":1,"href":"https:\/\/cidadebaixaonline.com.br\/index.php\/wp-json\/wp\/v2\/posts\/9140\/revisions"}],"predecessor-version":[{"id":9142,"href":"https:\/\/cidadebaixaonline.com.br\/index.php\/wp-json\/wp\/v2\/posts\/9140\/revisions\/9142"}],"wp:featuredmedia":[{"embeddable":true,"href":"https:\/\/cidadebaixaonline.com.br\/index.php\/wp-json\/wp\/v2\/media\/9141"}],"wp:attachment":[{"href":"https:\/\/cidadebaixaonline.com.br\/index.php\/wp-json\/wp\/v2\/media?parent=9140"}],"wp:term":[{"taxonomy":"category","embeddable":true,"href":"https:\/\/cidadebaixaonline.com.br\/index.php\/wp-json\/wp\/v2\/categories?post=9140"},{"taxonomy":"post_tag","embeddable":true,"href":"https:\/\/cidadebaixaonline.com.br\/index.php\/wp-json\/wp\/v2\/tags?post=9140"}],"curies":[{"name":"wp","href":"https:\/\/api.w.org\/{rel}","templated":true}]}}