{"id":9137,"date":"2024-04-24T12:04:25","date_gmt":"2024-04-24T15:04:25","guid":{"rendered":"https:\/\/cidadebaixaonline.com.br\/?p=9137"},"modified":"2024-04-24T12:04:27","modified_gmt":"2024-04-24T15:04:27","slug":"prefeitura-inicia-pagamento-dos-beneficios-auxilio-moradia-e-auxilio-emergencia","status":"publish","type":"post","link":"https:\/\/cidadebaixaonline.com.br\/index.php\/2024\/04\/24\/prefeitura-inicia-pagamento-dos-beneficios-auxilio-moradia-e-auxilio-emergencia\/","title":{"rendered":"Prefeitura inicia pagamento dos benef\u00edcios Aux\u00edlio Moradia e Aux\u00edlio Emerg\u00eancia"},"content":{"rendered":"\n<p>A Prefeitura de Salvador iniciou o pagamento dos benef\u00edcios de Aux\u00edlio Moradia para 81 fam\u00edlias que foram acolhidas nas escolas municipais de forma preventiva, devido ao acionamento de sirenes da Defesa Civil. Quatro dessas fam\u00edlias tamb\u00e9m receberam o Aux\u00edlio Emerg\u00eancia. De acordo com a Secretaria de Promo\u00e7\u00e3o Social, Combate \u00e0 Pobreza, Esportes e Lazer (Sempre), n\u00e3o h\u00e1 mais pessoas abrigadas nas 13 unidades de ensino que servem como abrigo.<\/p>\n\n\n\n<p><em>\u201cMesmo com toda a quantidade de chuva que vem caindo sobre a cidade nos \u00faltimos dias, n\u00e3o temos recebido solicita\u00e7\u00f5es para acolhimento provis\u00f3rio. E, com o objetivo de auxiliar as fam\u00edlias atingidas pelas consequ\u00eancias das chuvas, estamos trabalhando para que os benef\u00edcios sejam liberados no menor prazo de tempo poss\u00edvel. Uma vez que se trata de dinheiro p\u00fablico, temos protocolos a seguir, mas os t\u00e9cnicos seguem de plant\u00e3o para realizar os pagamentos com brevidade para que as fam\u00edlias aluguem uma resid\u00eancia e saiam da condi\u00e7\u00e3o de vulnerabilidade\u201d<\/em>, afirmou J\u00fanior Magalh\u00e3es, titular da Sempre.<\/p>\n\n\n\n<p>A prefeitura informou que Os t\u00e9cnicos da secretaria permanecem de prontid\u00e3o durante todo o per\u00edodo da Opera\u00e7\u00e3o Chuva. Para as pessoas que passam pelo processo de acolhimento, s\u00e3o disponibilizados alimenta\u00e7\u00e3o, kit de limpeza, kit de higiene pessoal e kit dormit\u00f3rio. Os t\u00e9cnicos realizam ainda escuta, orienta\u00e7\u00e3o e encaminhamentos para a rede de servi\u00e7os socioassistenciais, al\u00e9m de passarem por orienta\u00e7\u00e3o sociofamiliar. As informa\u00e7\u00f5es sobre libera\u00e7\u00e3o de benef\u00edcios podem ser verificadas no site&nbsp;<a href=\"http:\/\/www.meubeneficio.salvador.ba.gov.br\/inicio.php\">http:\/\/www.meubeneficio.salvador.ba.gov.br.<\/a><\/p>\n\n\n\n<p>O Aux\u00edlio Moradia \u00e9 o benef\u00edcio socioassistencial, concedido para contribuir para que fam\u00edlias que residem em im\u00f3veis em situa\u00e7\u00e3o de risco e vulnerabilidade possam alugar uma moradia segura. No valor de R$300, o benef\u00edcio \u00e9 pago pelo per\u00edodo estimado pelo laudo da Defesa Civil, que indica a necessidade de afastamento tempor\u00e1rio ou definitivo.<\/p>\n\n\n\n<p>J\u00e1 o Aux\u00edlio Emerg\u00eancia \u00e9 o benef\u00edcio socioassistencial concedido com o objetivo de garantir aos cidad\u00e3os e \u00e0s fam\u00edlias que comprovadamente sofreram perdas decorrentes de desastre ou calamidade p\u00fablica o restabelecimento das condi\u00e7\u00f5es m\u00ednimas de sobreviv\u00eancia, n\u00e3o excedendo o valor de tr\u00eas sal\u00e1rios m\u00ednimos vigentes.<br>\u00a0<\/p>\n\n\n\n<p>Fonte: Varela Net<\/p>\n","protected":false},"excerpt":{"rendered":"<p>A Prefeitura de Salvador iniciou o pagamento dos benef\u00edcios de Aux\u00edlio Moradia para 81 fam\u00edlias que foram acolhidas nas escolas municipais de forma preventiva, devido ao acionamento de sirenes da Defesa Civil. Quatro dessas fam\u00edlias tamb\u00e9m receberam o Aux\u00edlio Emerg\u00eancia. De acordo com a Secretaria de Promo\u00e7\u00e3o Social, Combate \u00e0 Pobreza, Esportes e Lazer (Sempre), [&hellip;]<\/p>\n","protected":false},"author":2,"featured_media":9138,"comment_status":"open","ping_status":"open","sticky":false,"template":"","format":"standard","meta":{"jnews-multi-image_gallery":[],"jnews_single_post":{"subtitle":"","format":"standard","video":"","gallery":"","source_name":"","source_url":"","via_name":"","via_url":"","override_template":"0","override":[{"template":"1","single_blog_custom":"","parallax":"1","fullscreen":"1","layout":"right-sidebar","sidebar":"default-sidebar","second_sidebar":"default-sidebar","sticky_sidebar":"1","share_position":"top","share_float_style":"share-monocrhome","show_share_counter":"0","show_view_counter":"0","show_featured":"1","show_post_meta":"1","show_post_author":"0","show_post_author_image":"1","show_post_date":"1","post_date_format":"default","post_date_format_custom":"Y\/m\/d","show_post_category":"1","show_post_reading_time":"0","post_reading_time_wpm":"300","show_zoom_button":"0","zoom_button_out_step":"2","zoom_button_in_step":"3","show_post_tag":"1","show_prev_next_post":"1","show_popup_post":"1","number_popup_post":"1","show_author_box":"0","show_post_related":"0","show_inline_post_related":"0"}],"override_image_size":"0","image_override":[{"single_post_thumbnail_size":"no-crop","single_post_gallery_size":"crop-715"}],"trending_post":"0","trending_post_position":"meta","trending_post_label":"Trending","sponsored_post":"0","sponsored_post_label":"Sponsored by","sponsored_post_name":"","sponsored_post_url":"","sponsored_post_logo_enable":"0","sponsored_post_logo":"","sponsored_post_desc":"","disable_ad":"0"},"jnews_primary_category":{"id":"","hide":""},"footnotes":""},"categories":[85],"tags":[],"class_list":["post-9137","post","type-post","status-publish","format-standard","has-post-thumbnail","hentry","category-noticias"],"_links":{"self":[{"href":"https:\/\/cidadebaixaonline.com.br\/index.php\/wp-json\/wp\/v2\/posts\/9137","targetHints":{"allow":["GET"]}}],"collection":[{"href":"https:\/\/cidadebaixaonline.com.br\/index.php\/wp-json\/wp\/v2\/posts"}],"about":[{"href":"https:\/\/cidadebaixaonline.com.br\/index.php\/wp-json\/wp\/v2\/types\/post"}],"author":[{"embeddable":true,"href":"https:\/\/cidadebaixaonline.com.br\/index.php\/wp-json\/wp\/v2\/users\/2"}],"replies":[{"embeddable":true,"href":"https:\/\/cidadebaixaonline.com.br\/index.php\/wp-json\/wp\/v2\/comments?post=9137"}],"version-history":[{"count":1,"href":"https:\/\/cidadebaixaonline.com.br\/index.php\/wp-json\/wp\/v2\/posts\/9137\/revisions"}],"predecessor-version":[{"id":9139,"href":"https:\/\/cidadebaixaonline.com.br\/index.php\/wp-json\/wp\/v2\/posts\/9137\/revisions\/9139"}],"wp:featuredmedia":[{"embeddable":true,"href":"https:\/\/cidadebaixaonline.com.br\/index.php\/wp-json\/wp\/v2\/media\/9138"}],"wp:attachment":[{"href":"https:\/\/cidadebaixaonline.com.br\/index.php\/wp-json\/wp\/v2\/media?parent=9137"}],"wp:term":[{"taxonomy":"category","embeddable":true,"href":"https:\/\/cidadebaixaonline.com.br\/index.php\/wp-json\/wp\/v2\/categories?post=9137"},{"taxonomy":"post_tag","embeddable":true,"href":"https:\/\/cidadebaixaonline.com.br\/index.php\/wp-json\/wp\/v2\/tags?post=9137"}],"curies":[{"name":"wp","href":"https:\/\/api.w.org\/{rel}","templated":true}]}}