{"id":9135,"date":"2024-04-24T10:04:02","date_gmt":"2024-04-24T13:04:02","guid":{"rendered":"https:\/\/cidadebaixaonline.com.br\/?p=9135"},"modified":"2024-04-24T10:04:03","modified_gmt":"2024-04-24T13:04:03","slug":"camacari-amplia-vacinacao-contra-a-dengue-para-pessoas-de-4-a-59-anos","status":"publish","type":"post","link":"https:\/\/cidadebaixaonline.com.br\/index.php\/2024\/04\/24\/camacari-amplia-vacinacao-contra-a-dengue-para-pessoas-de-4-a-59-anos\/","title":{"rendered":"Cama\u00e7ari amplia vacina\u00e7\u00e3o contra a dengue para pessoas de 4 a 59 anos"},"content":{"rendered":"\n<p>Com a amplia\u00e7\u00e3o do p\u00fablico-alvo para todas as pessoas de 4 a 59 anos, enquanto houver disponibilidade de doses, a Prefeitura de Cama\u00e7ari, por meio da Secretaria da Sa\u00fade (Sesau), espera que haja uma ades\u00e3o maior da popula\u00e7\u00e3o \u00e0 vacina. At\u00e9 segunda-feira (22\/4), 5.809 indiv\u00edduos tinham sido vacinados no munic\u00edpio.<\/p>\n\n\n\n<p>A medida segue a recomenda\u00e7\u00e3o do Minist\u00e9rio da Sa\u00fade (MS), e vale a partir desta ter\u00e7a (23). Tempor\u00e1ria, a estrat\u00e9gia ser\u00e1 adotada para aplica\u00e7\u00e3o das vacinas da dengue que est\u00e3o pr\u00f3ximas ao vencimento, que \u00e9 30 de abril, e que fazem parte do quantitativo de imunizantes doados ao Brasil em fevereiro. Aqueles que forem contemplados por meio deste plano de amplia\u00e7\u00e3o da vacina\u00e7\u00e3o ter\u00e3o a 2\u00aa dose garantida, a qual deve ser aplicada com intervalo de 90 dias.<\/p>\n\n\n\n<p>Para serem vacinadas crian\u00e7as e adolescentes precisam estar acompanhadas dos pais e\/ou respons\u00e1veis legais, que devem apresentar cart\u00e3o de vacina\u00e7\u00e3o, se tiver, e n\u00famero do cart\u00e3o SUS ou CPF da pessoa que receber\u00e1 a imuniza\u00e7\u00e3o. Para os adultos, basta apresentar documento de identifica\u00e7\u00e3o e, caso tenha, o cart\u00e3o de vacina. No momento da vacina\u00e7\u00e3o a equipe verificar\u00e1 quando foi a \u00faltima vacina que a pessoa recebeu e se est\u00e1 dentro do prazo m\u00ednimo de intervalo para receber a da dengue.<\/p>\n\n\n\n<p>Durante a semana, a imuniza\u00e7\u00e3o contra a dengue acontece todos os dias, pela manh\u00e3 e pela tarde, nas 42 unidades de sa\u00fade espalhadas pela sede e costa do munic\u00edpio, que ainda possuem estoque. Com atendimento de segunda a sexta-feira, das 8h \u00e0s 17h. Sendo que na Unidade de Sa\u00fade da Fam\u00edlia (USF) da Gleba B a vacina\u00e7\u00e3o acontece de segunda a s\u00e1bado das 8h30 \u00e0s 18h30.<\/p>\n\n\n\n<p>O secret\u00e1rio da Sa\u00fade, Luiz Duplat, refor\u00e7a a import\u00e2ncia da vacina\u00e7\u00e3o, mas reafirma que as a\u00e7\u00f5es de combate ao mosquito tamb\u00e9m s\u00e3o fundamentais. \u201cA vacina\u00e7\u00e3o \u00e9 uma arma poderosa no combate \u00e0 dengue. Mas, n\u00e3o podemos esquecer de ter os cuidados no que se refere \u00e0 elimina\u00e7\u00e3o dos focos de prolifera\u00e7\u00e3o do mosquito, acabando com os locais de ac\u00famulo de \u00e1gua a c\u00e9u aberto, principalmente, dentro das casas. E esse combate dentro das resid\u00eancias depende, quase que exclusivamente, da popula\u00e7\u00e3o\u201d.<\/p>\n\n\n\n<p>Conhecida como&nbsp;<em>Qdenga<\/em>, a vacina, que faz parte do Programa Nacional de Imuniza\u00e7\u00f5es (PNI), n\u00e3o \u00e9 recomendada para os seguintes grupos de pessoas: que est\u00e3o com a doen\u00e7a ou sintomas sugestivos; que tenham tido dengue h\u00e1 menos de seis meses; com mais de 60 anos; que possui alergia a algum dos componentes da vacina; com o sistema imunol\u00f3gico comprometido; com alguma condi\u00e7\u00e3o imunossupressora (que t\u00eam baixa imunidade); al\u00e9m de gestantes e lactantes.<\/p>\n\n\n\n<p>Para o enfrentamento da dengue, de 1\u00ba janeiro a 30 de mar\u00e7o, a Sesau, atrav\u00e9s do trabalho dos agentes de combate \u00e0s endemias (ACE), j\u00e1 eliminou mais de 115 mil focos do&nbsp;<em>Aedes Aegypti<\/em>&nbsp;em Cama\u00e7ari. No mesmo per\u00edodo foram visitados mais de 172 mil im\u00f3veis.<\/p>\n\n\n\n<p>Fonte: Tribuna da Bahia <\/p>\n","protected":false},"excerpt":{"rendered":"<p>Com a amplia\u00e7\u00e3o do p\u00fablico-alvo para todas as pessoas de 4 a 59 anos, enquanto houver disponibilidade de doses, a Prefeitura de Cama\u00e7ari, por meio da Secretaria da Sa\u00fade (Sesau), espera que haja uma ades\u00e3o maior da popula\u00e7\u00e3o \u00e0 vacina. At\u00e9 segunda-feira (22\/4), 5.809 indiv\u00edduos tinham sido vacinados no munic\u00edpio. A medida segue a recomenda\u00e7\u00e3o [&hellip;]<\/p>\n","protected":false},"author":2,"featured_media":9134,"comment_status":"open","ping_status":"open","sticky":false,"template":"","format":"standard","meta":{"jnews-multi-image_gallery":[],"jnews_single_post":[],"jnews_primary_category":[],"footnotes":""},"categories":[94],"tags":[],"class_list":["post-9135","post","type-post","status-publish","format-standard","has-post-thumbnail","hentry","category-saude-2"],"_links":{"self":[{"href":"https:\/\/cidadebaixaonline.com.br\/index.php\/wp-json\/wp\/v2\/posts\/9135","targetHints":{"allow":["GET"]}}],"collection":[{"href":"https:\/\/cidadebaixaonline.com.br\/index.php\/wp-json\/wp\/v2\/posts"}],"about":[{"href":"https:\/\/cidadebaixaonline.com.br\/index.php\/wp-json\/wp\/v2\/types\/post"}],"author":[{"embeddable":true,"href":"https:\/\/cidadebaixaonline.com.br\/index.php\/wp-json\/wp\/v2\/users\/2"}],"replies":[{"embeddable":true,"href":"https:\/\/cidadebaixaonline.com.br\/index.php\/wp-json\/wp\/v2\/comments?post=9135"}],"version-history":[{"count":1,"href":"https:\/\/cidadebaixaonline.com.br\/index.php\/wp-json\/wp\/v2\/posts\/9135\/revisions"}],"predecessor-version":[{"id":9136,"href":"https:\/\/cidadebaixaonline.com.br\/index.php\/wp-json\/wp\/v2\/posts\/9135\/revisions\/9136"}],"wp:featuredmedia":[{"embeddable":true,"href":"https:\/\/cidadebaixaonline.com.br\/index.php\/wp-json\/wp\/v2\/media\/9134"}],"wp:attachment":[{"href":"https:\/\/cidadebaixaonline.com.br\/index.php\/wp-json\/wp\/v2\/media?parent=9135"}],"wp:term":[{"taxonomy":"category","embeddable":true,"href":"https:\/\/cidadebaixaonline.com.br\/index.php\/wp-json\/wp\/v2\/categories?post=9135"},{"taxonomy":"post_tag","embeddable":true,"href":"https:\/\/cidadebaixaonline.com.br\/index.php\/wp-json\/wp\/v2\/tags?post=9135"}],"curies":[{"name":"wp","href":"https:\/\/api.w.org\/{rel}","templated":true}]}}