{"id":9044,"date":"2024-04-18T11:43:18","date_gmt":"2024-04-18T14:43:18","guid":{"rendered":"https:\/\/cidadebaixaonline.com.br\/?p=9044"},"modified":"2024-04-18T11:43:19","modified_gmt":"2024-04-18T14:43:19","slug":"pec-sobre-criminalizacao-da-posse-de-drogas-e-aprovada-pelo-senado","status":"publish","type":"post","link":"https:\/\/cidadebaixaonline.com.br\/index.php\/2024\/04\/18\/pec-sobre-criminalizacao-da-posse-de-drogas-e-aprovada-pelo-senado\/","title":{"rendered":"PEC sobre criminaliza\u00e7\u00e3o da posse de drogas \u00e9 aprovada pelo Senado"},"content":{"rendered":"\n<p>A Proposta de Emenda \u00e0 Constitui\u00e7\u00e3o (PEC) sobre a criminaliza\u00e7\u00e3o da posse e do porte de qualquer quantidade de droga il\u00edcita foi aprovada pelo Senado na ter\u00e7a-feira (16), em dois turnos. A PEC teve 53 votos favor\u00e1veis e nove contr\u00e1rios no primeiro turno, e 52 favor\u00e1veis e nove contr\u00e1rios no segundo turno.&nbsp;<\/p>\n\n\n\n<p>A proposta foi apresentada pelo senador Rodrigo Pacheco (PSD-MG), presidente da Casa. Ela tamb\u00e9m acrescenta um inciso ao art. 5\u00ba da Constitui\u00e7\u00e3o Federal que considera crime a posse e o porte, independentemente da quantidade de drogas e entorpecentes sem autoriza\u00e7\u00e3o ou que seja contra a lei. Ainda segundo a proposta, \u00e9 preciso observar a diferen\u00e7a entre o traficante e o usu\u00e1rio, pra aplica\u00e7\u00e3o de penas alternativas \u00e0 pris\u00e3o e tratamento contra depend\u00eancia.&nbsp;<\/p>\n\n\n\n<p>Pacheco explicou a PEC e fez uma ressalva sobre a impossibilidade da priva\u00e7\u00e3o de liberdade do porto para uso de drogas. \u201cOu seja, o usu\u00e1rio n\u00e3o ser\u00e1 jamais penalizado com o encarceramento\u201d, disse. O presidente da Casa tamb\u00e9m afirmou que o uso de subst\u00e2ncias derivadas de drogas il\u00edcitas para fins medicinais n\u00e3o ser\u00e3o afetadas pela PEC.<\/p>\n\n\n\n<p>Atualmente, a Lei n\u00ba 11.343, de 2006, conhecida como Lei das Drogas, estabelece que \u00e9 crime vender, transportar ou fornecer drogas. A pena \u00e9 de reclus\u00e3o de cinco a 15 anos, al\u00e9m de multa. Adquirir, guardar, \u00a0transportar ou cultivar drogas para consumo pessoal tamb\u00e9m \u00e9 considerado crime pela lei atual, mas neste caso as penas previstas s\u00e3o advert\u00eancia, medidas educativas e presta\u00e7\u00e3o de servi\u00e7os \u00e0 comunidade.\u00a0<\/p>\n\n\n\n<p>Fonte: Varela Net <\/p>\n","protected":false},"excerpt":{"rendered":"<p>A Proposta de Emenda \u00e0 Constitui\u00e7\u00e3o (PEC) sobre a criminaliza\u00e7\u00e3o da posse e do porte de qualquer quantidade de droga il\u00edcita foi aprovada pelo Senado na ter\u00e7a-feira (16), em dois turnos. A PEC teve 53 votos favor\u00e1veis e nove contr\u00e1rios no primeiro turno, e 52 favor\u00e1veis e nove contr\u00e1rios no segundo turno.&nbsp; A proposta foi [&hellip;]<\/p>\n","protected":false},"author":2,"featured_media":9045,"comment_status":"open","ping_status":"open","sticky":false,"template":"","format":"standard","meta":{"jnews-multi-image_gallery":[],"jnews_single_post":{"subtitle":"","format":"standard","video":"","gallery":"","source_name":"","source_url":"","via_name":"","via_url":"","override_template":"0","override":[{"template":"1","single_blog_custom":"","parallax":"1","fullscreen":"1","layout":"right-sidebar","sidebar":"default-sidebar","second_sidebar":"default-sidebar","sticky_sidebar":"1","share_position":"top","share_float_style":"share-monocrhome","show_share_counter":"0","show_view_counter":"0","show_featured":"1","show_post_meta":"1","show_post_author":"0","show_post_author_image":"1","show_post_date":"1","post_date_format":"default","post_date_format_custom":"Y\/m\/d","show_post_category":"1","show_post_reading_time":"0","post_reading_time_wpm":"300","show_zoom_button":"0","zoom_button_out_step":"2","zoom_button_in_step":"3","show_post_tag":"1","show_prev_next_post":"1","show_popup_post":"1","number_popup_post":"1","show_author_box":"0","show_post_related":"0","show_inline_post_related":"0"}],"override_image_size":"0","image_override":[{"single_post_thumbnail_size":"no-crop","single_post_gallery_size":"crop-715"}],"trending_post":"0","trending_post_position":"meta","trending_post_label":"Trending","sponsored_post":"0","sponsored_post_label":"Sponsored by","sponsored_post_name":"","sponsored_post_url":"","sponsored_post_logo_enable":"0","sponsored_post_logo":"","sponsored_post_desc":"","disable_ad":"0"},"jnews_primary_category":{"id":"","hide":""},"footnotes":""},"categories":[107,85],"tags":[],"class_list":["post-9044","post","type-post","status-publish","format-standard","has-post-thumbnail","hentry","category-justica","category-noticias"],"_links":{"self":[{"href":"https:\/\/cidadebaixaonline.com.br\/index.php\/wp-json\/wp\/v2\/posts\/9044","targetHints":{"allow":["GET"]}}],"collection":[{"href":"https:\/\/cidadebaixaonline.com.br\/index.php\/wp-json\/wp\/v2\/posts"}],"about":[{"href":"https:\/\/cidadebaixaonline.com.br\/index.php\/wp-json\/wp\/v2\/types\/post"}],"author":[{"embeddable":true,"href":"https:\/\/cidadebaixaonline.com.br\/index.php\/wp-json\/wp\/v2\/users\/2"}],"replies":[{"embeddable":true,"href":"https:\/\/cidadebaixaonline.com.br\/index.php\/wp-json\/wp\/v2\/comments?post=9044"}],"version-history":[{"count":1,"href":"https:\/\/cidadebaixaonline.com.br\/index.php\/wp-json\/wp\/v2\/posts\/9044\/revisions"}],"predecessor-version":[{"id":9046,"href":"https:\/\/cidadebaixaonline.com.br\/index.php\/wp-json\/wp\/v2\/posts\/9044\/revisions\/9046"}],"wp:featuredmedia":[{"embeddable":true,"href":"https:\/\/cidadebaixaonline.com.br\/index.php\/wp-json\/wp\/v2\/media\/9045"}],"wp:attachment":[{"href":"https:\/\/cidadebaixaonline.com.br\/index.php\/wp-json\/wp\/v2\/media?parent=9044"}],"wp:term":[{"taxonomy":"category","embeddable":true,"href":"https:\/\/cidadebaixaonline.com.br\/index.php\/wp-json\/wp\/v2\/categories?post=9044"},{"taxonomy":"post_tag","embeddable":true,"href":"https:\/\/cidadebaixaonline.com.br\/index.php\/wp-json\/wp\/v2\/tags?post=9044"}],"curies":[{"name":"wp","href":"https:\/\/api.w.org\/{rel}","templated":true}]}}