{"id":9026,"date":"2024-04-17T11:45:27","date_gmt":"2024-04-17T14:45:27","guid":{"rendered":"https:\/\/cidadebaixaonline.com.br\/?p=9026"},"modified":"2024-04-17T11:45:29","modified_gmt":"2024-04-17T14:45:29","slug":"crime-esta-nas-igrejas-no-futebol-e-ate-no-transporte-diz-jeronimo","status":"publish","type":"post","link":"https:\/\/cidadebaixaonline.com.br\/index.php\/2024\/04\/17\/crime-esta-nas-igrejas-no-futebol-e-ate-no-transporte-diz-jeronimo\/","title":{"rendered":"&#8220;Crime est\u00e1 nas igrejas, no futebol, e at\u00e9 no transporte&#8221;, diz Jer\u00f4nimo"},"content":{"rendered":"\n<p>O governador da Bahia, Jer\u00f4nimo Rodrigues (PT), fez declara\u00e7\u00f5es sobre a expans\u00e3o das fac\u00e7\u00f5es criminosas no estado, alertando para sua presen\u00e7a cada vez mais marcante em diversos setores da sociedade.&nbsp;Segundo o petista, as fac\u00e7\u00f5es criminosas se estabeleceram de forma consider\u00e1vel e agora possuem uma influ\u00eancia significativa em diferentes aspectos da vida cotidiana.&nbsp;<\/p>\n\n\n\n<p>O governador enfatizou que essas organiza\u00e7\u00f5es n\u00e3o se limitam apenas ao \u00e2mbito da criminalidade, mas tamb\u00e9m est\u00e3o presentes em \u00e1reas como economia, pol\u00edtica, religi\u00e3o e at\u00e9 mesmo no esporte e no transporte coletivo. &#8220;O crime organizado avan\u00e7ou consideravelmente. Eles est\u00e3o bem estabelecidos e maduros em sua distribui\u00e7\u00e3o de intelig\u00eancia, infiltrando-se em v\u00e1rios setores da sociedade. Eles est\u00e3o nas igrejas, no futebol, e at\u00e9 mesmo no transporte coletivo, como j\u00e1 observado em S\u00e3o Paulo. Eles tamb\u00e9m tentam recrutar jovens nas escolas, embora tenhamos conseguido mitigar esse problema em parte&#8221;, afirmou o governador durante sua participa\u00e7\u00e3o na 100\u00aa edi\u00e7\u00e3o do PodZ\u00e9 ontem.<\/p>\n\n\n\n<p>Apesar da expans\u00e3o das fac\u00e7\u00f5es, Jer\u00f4nimo Rodrigues destacou os esfor\u00e7os das for\u00e7as policiais, ressaltando que tamb\u00e9m est\u00e3o em constante desenvolvimento. Ele mencionou uma suposta omiss\u00e3o ou incentivo \u00e0 viol\u00eancia por parte do governo federal anterior, liderado por Jair Bolsonaro, enfatizando a import\u00e2ncia de uma parceria entre os governos estadual e federal para lidar com a quest\u00e3o da seguran\u00e7a p\u00fablica de forma eficaz.<\/p>\n\n\n\n<p>&#8220;Em compensa\u00e7\u00e3o, n\u00f3s tamb\u00e9m amadurecemos. Tivemos quatro anos de um governo federal que estimulou o armamento da sociedade, com nenhum equipamento de policiamento de fronteiras entregue&#8221;, disse Rodrigues, referindo-se \u00e0 suposta falta de apoio federal durante a gest\u00e3o anterior.<\/p>\n\n\n\n<p>Al\u00e9m disso, o governador abordou a necessidade de melhoria nos sal\u00e1rios dos policiais, ressaltando que j\u00e1 houve avan\u00e7os nesse sentido, mas que ainda h\u00e1 espa\u00e7o para revis\u00f5es e melhorias. Ele tamb\u00e9m discutiu quest\u00f5es relacionadas \u00e0 utiliza\u00e7\u00e3o das c\u00e2meras corporais pelos policiais militares, destacando os desafios e os progressos nesse aspecto.<\/p>\n\n\n\n<p><strong>VLT &#8211;<\/strong>&nbsp;Jer\u00f4nimo Rodrigues desafiou o vereador Sidninho (PP) para discutir a obra do VLT de Salvador. &nbsp;&#8220;Vereador, venha para c\u00e1 conversar comigo. Vereador, quero saber que tipo de informa\u00e7\u00e3o voc\u00ea quer?&#8221;, reagiu o gestor ao comentar a a\u00e7\u00e3o movida pelo edil soteropolitano para barrar a licita\u00e7\u00e3o da obra. &#8220;Qualquer pessoa tem direito a ver o projeto. Agora, quero que ele venha discutir comigo para saber o que ele quer&#8221;, emendou.<\/p>\n\n\n\n<p>Sidninho moveu uma a\u00e7\u00e3o popular contra o edital alegando supostas irregularidades. No entanto, a presidente do Tribunal de Justi\u00e7a da Bahia, ao analisar o pedido de suspens\u00e3o da liminar, considerou que a paralisa\u00e7\u00e3o do processo licitat\u00f3rio poderia acarretar s\u00e9rios preju\u00edzos \u00e0 ordem p\u00fablica, \u00e0 economia e \u00e0 popula\u00e7\u00e3o da cidade de Salvador e sua regi\u00e3o metropolitana.<\/p>\n\n\n\n<p>Fonte: Tribuna da Bahia <\/p>\n","protected":false},"excerpt":{"rendered":"<p>O governador da Bahia, Jer\u00f4nimo Rodrigues (PT), fez declara\u00e7\u00f5es sobre a expans\u00e3o das fac\u00e7\u00f5es criminosas no estado, alertando para sua presen\u00e7a cada vez mais marcante em diversos setores da sociedade.&nbsp;Segundo o petista, as fac\u00e7\u00f5es criminosas se estabeleceram de forma consider\u00e1vel e agora possuem uma influ\u00eancia significativa em diferentes aspectos da vida cotidiana.&nbsp; O governador enfatizou [&hellip;]<\/p>\n","protected":false},"author":2,"featured_media":9027,"comment_status":"open","ping_status":"open","sticky":false,"template":"","format":"standard","meta":{"jnews-multi-image_gallery":[],"jnews_single_post":{"subtitle":"","format":"standard","video":"","gallery":"","source_name":"","source_url":"","via_name":"","via_url":"","override_template":"0","override":[{"template":"1","single_blog_custom":"","parallax":"1","fullscreen":"1","layout":"right-sidebar","sidebar":"default-sidebar","second_sidebar":"default-sidebar","sticky_sidebar":"1","share_position":"top","share_float_style":"share-monocrhome","show_share_counter":"0","show_view_counter":"0","show_featured":"1","show_post_meta":"1","show_post_author":"0","show_post_author_image":"1","show_post_date":"1","post_date_format":"default","post_date_format_custom":"Y\/m\/d","show_post_category":"1","show_post_reading_time":"0","post_reading_time_wpm":"300","show_zoom_button":"0","zoom_button_out_step":"2","zoom_button_in_step":"3","show_post_tag":"1","show_prev_next_post":"1","show_popup_post":"1","number_popup_post":"1","show_author_box":"0","show_post_related":"0","show_inline_post_related":"0"}],"override_image_size":"0","image_override":[{"single_post_thumbnail_size":"no-crop","single_post_gallery_size":"crop-715"}],"trending_post":"0","trending_post_position":"meta","trending_post_label":"Trending","sponsored_post":"0","sponsored_post_label":"Sponsored by","sponsored_post_name":"","sponsored_post_url":"","sponsored_post_logo_enable":"0","sponsored_post_logo":"","sponsored_post_desc":"","disable_ad":"0"},"jnews_primary_category":{"id":"","hide":""},"footnotes":""},"categories":[91],"tags":[],"class_list":["post-9026","post","type-post","status-publish","format-standard","has-post-thumbnail","hentry","category-politica"],"_links":{"self":[{"href":"https:\/\/cidadebaixaonline.com.br\/index.php\/wp-json\/wp\/v2\/posts\/9026","targetHints":{"allow":["GET"]}}],"collection":[{"href":"https:\/\/cidadebaixaonline.com.br\/index.php\/wp-json\/wp\/v2\/posts"}],"about":[{"href":"https:\/\/cidadebaixaonline.com.br\/index.php\/wp-json\/wp\/v2\/types\/post"}],"author":[{"embeddable":true,"href":"https:\/\/cidadebaixaonline.com.br\/index.php\/wp-json\/wp\/v2\/users\/2"}],"replies":[{"embeddable":true,"href":"https:\/\/cidadebaixaonline.com.br\/index.php\/wp-json\/wp\/v2\/comments?post=9026"}],"version-history":[{"count":1,"href":"https:\/\/cidadebaixaonline.com.br\/index.php\/wp-json\/wp\/v2\/posts\/9026\/revisions"}],"predecessor-version":[{"id":9028,"href":"https:\/\/cidadebaixaonline.com.br\/index.php\/wp-json\/wp\/v2\/posts\/9026\/revisions\/9028"}],"wp:featuredmedia":[{"embeddable":true,"href":"https:\/\/cidadebaixaonline.com.br\/index.php\/wp-json\/wp\/v2\/media\/9027"}],"wp:attachment":[{"href":"https:\/\/cidadebaixaonline.com.br\/index.php\/wp-json\/wp\/v2\/media?parent=9026"}],"wp:term":[{"taxonomy":"category","embeddable":true,"href":"https:\/\/cidadebaixaonline.com.br\/index.php\/wp-json\/wp\/v2\/categories?post=9026"},{"taxonomy":"post_tag","embeddable":true,"href":"https:\/\/cidadebaixaonline.com.br\/index.php\/wp-json\/wp\/v2\/tags?post=9026"}],"curies":[{"name":"wp","href":"https:\/\/api.w.org\/{rel}","templated":true}]}}