{"id":8724,"date":"2024-03-25T13:12:58","date_gmt":"2024-03-25T16:12:58","guid":{"rendered":"https:\/\/cidadebaixaonline.com.br\/?p=8724"},"modified":"2024-03-25T13:12:59","modified_gmt":"2024-03-25T16:12:59","slug":"justica-mantem-prisao-dos-quatro-suspeitos-de-matar-morador-de-rua","status":"publish","type":"post","link":"https:\/\/cidadebaixaonline.com.br\/index.php\/2024\/03\/25\/justica-mantem-prisao-dos-quatro-suspeitos-de-matar-morador-de-rua\/","title":{"rendered":"Justi\u00e7a mant\u00e9m pris\u00e3o dos quatro suspeitos de matar &#8216;morador de rua&#8217;"},"content":{"rendered":"\n<p>A Justi\u00e7a baiana converteu as pris\u00f5es em flagrantes em preventiva dos quatro homens suspeitos de\u00a0agredir e matar um homem em situa\u00e7\u00e3o de rua, na madrugada do \u00faltimo s\u00e1bado, 23, no Corredor da Vit\u00f3ria, em Salvador. A decis\u00e3o foi tomada na manh\u00e3 desta segunda-feira, 25, ap\u00f3s audi\u00eancia de cust\u00f3dia. <\/p>\n\n\n\n<p>Os suspeitos foram identificados como Lincoln Sena Pinheiro e La\u00e9rcio Souza dos Santos, Marcelo da Cunha Rodrigues Machado e Sergio Ricardo Souza Menezes.<\/p>\n\n\n\n<p>De acordo com a Pol\u00edcia Militar, na ocasi\u00e3o, policiais do 18\u00b0 BPM foram acionados por populares para averiguar uma situa\u00e7\u00e3o de briga generalizada no Corredor da Vit\u00f3ria. No local foi constatado que quatro pessoas espancaram um homem suspeito de furto.<\/p>\n\n\n\n<p>O homem linchado, que ainda n\u00e3o foi identificado, foi socorrido pelo Samu (Servi\u00e7o de Atendimento M\u00e9dico de Urg\u00eancia), mas n\u00e3o resistiu aos ferimentos e morreu.<\/p>\n\n\n\n<p>O advogado Vin\u00edcius Dantas, que representa\u00a0 tr\u00eas dos quatro detidos, disse que seus\u00a0clientes foram v\u00edtimas de uma tentativa de assalto.<\/p>\n\n\n\n<p>&#8220;Eles n\u00e3o agrediram esse morador de rua. Na verdade, foram alvo de um assalto e nesse assalto, foram agredidos e revidaram a agress\u00e3o e o imobilizaram. Ap\u00f3s isso, dois ficaram imobilizando e um terceiro ligou para a pol\u00edcia e gritava por socorro. Foi quando um quarto chegou e decidiu ajud\u00e1-los. Quando a pol\u00edcia chegou, eles soltaram esse rapaz, mas logo em seguida ele faleceu. Eles n\u00e3o evadiram do local, n\u00e3o lincharam esse rapaz, n\u00e3o o agrediram, s\u00f3 se defenderam&#8221;, pontuou.<\/p>\n\n\n\n<p>O quarto homem citado pelo advogado \u00e9 S\u00e9rgio Ricardo Souza Menezes, um morador da regi\u00e3o. Ele n\u00e3o \u00e9 defendido por Dantas, e assim como os outros suspeitos, tamb\u00e9m foi detido.<\/p>\n\n\n\n<p>&#8220;Quando eles largaram o morador de rua, ele se mexia. Quando a pol\u00edcia chegou que ele n\u00e3o se mexia. Ou seja, ele n\u00e3o morreu durante a imobiliza\u00e7\u00e3o e sim ap\u00f3s a imobiliza\u00e7\u00e3o&#8221;, completou.<\/p>\n\n\n\n<p>Fonte: A Tarde<\/p>\n","protected":false},"excerpt":{"rendered":"<p>A Justi\u00e7a baiana converteu as pris\u00f5es em flagrantes em preventiva dos quatro homens suspeitos de\u00a0agredir e matar um homem em situa\u00e7\u00e3o de rua, na madrugada do \u00faltimo s\u00e1bado, 23, no Corredor da Vit\u00f3ria, em Salvador. A decis\u00e3o foi tomada na manh\u00e3 desta segunda-feira, 25, ap\u00f3s audi\u00eancia de cust\u00f3dia. Os suspeitos foram identificados como Lincoln Sena [&hellip;]<\/p>\n","protected":false},"author":2,"featured_media":8725,"comment_status":"open","ping_status":"open","sticky":false,"template":"","format":"standard","meta":{"jnews-multi-image_gallery":[],"jnews_single_post":{"subtitle":"","format":"standard","video":"","gallery":"","source_name":"","source_url":"","via_name":"","via_url":"","override_template":"0","override":[{"template":"1","single_blog_custom":"","parallax":"1","fullscreen":"1","layout":"right-sidebar","sidebar":"default-sidebar","second_sidebar":"default-sidebar","sticky_sidebar":"1","share_position":"top","share_float_style":"share-monocrhome","show_share_counter":"0","show_view_counter":"0","show_featured":"1","show_post_meta":"1","show_post_author":"0","show_post_author_image":"1","show_post_date":"1","post_date_format":"default","post_date_format_custom":"Y\/m\/d","show_post_category":"1","show_post_reading_time":"0","post_reading_time_wpm":"300","show_zoom_button":"0","zoom_button_out_step":"2","zoom_button_in_step":"3","show_post_tag":"1","show_prev_next_post":"1","show_popup_post":"1","number_popup_post":"1","show_author_box":"0","show_post_related":"0","show_inline_post_related":"0"}],"override_image_size":"0","image_override":[{"single_post_thumbnail_size":"no-crop","single_post_gallery_size":"crop-715"}],"trending_post":"0","trending_post_position":"meta","trending_post_label":"Trending","sponsored_post":"0","sponsored_post_label":"Sponsored by","sponsored_post_name":"","sponsored_post_url":"","sponsored_post_logo_enable":"0","sponsored_post_logo":"","sponsored_post_desc":"","disable_ad":"0"},"jnews_primary_category":{"id":"","hide":""},"footnotes":""},"categories":[107],"tags":[],"class_list":["post-8724","post","type-post","status-publish","format-standard","has-post-thumbnail","hentry","category-justica"],"_links":{"self":[{"href":"https:\/\/cidadebaixaonline.com.br\/index.php\/wp-json\/wp\/v2\/posts\/8724","targetHints":{"allow":["GET"]}}],"collection":[{"href":"https:\/\/cidadebaixaonline.com.br\/index.php\/wp-json\/wp\/v2\/posts"}],"about":[{"href":"https:\/\/cidadebaixaonline.com.br\/index.php\/wp-json\/wp\/v2\/types\/post"}],"author":[{"embeddable":true,"href":"https:\/\/cidadebaixaonline.com.br\/index.php\/wp-json\/wp\/v2\/users\/2"}],"replies":[{"embeddable":true,"href":"https:\/\/cidadebaixaonline.com.br\/index.php\/wp-json\/wp\/v2\/comments?post=8724"}],"version-history":[{"count":1,"href":"https:\/\/cidadebaixaonline.com.br\/index.php\/wp-json\/wp\/v2\/posts\/8724\/revisions"}],"predecessor-version":[{"id":8726,"href":"https:\/\/cidadebaixaonline.com.br\/index.php\/wp-json\/wp\/v2\/posts\/8724\/revisions\/8726"}],"wp:featuredmedia":[{"embeddable":true,"href":"https:\/\/cidadebaixaonline.com.br\/index.php\/wp-json\/wp\/v2\/media\/8725"}],"wp:attachment":[{"href":"https:\/\/cidadebaixaonline.com.br\/index.php\/wp-json\/wp\/v2\/media?parent=8724"}],"wp:term":[{"taxonomy":"category","embeddable":true,"href":"https:\/\/cidadebaixaonline.com.br\/index.php\/wp-json\/wp\/v2\/categories?post=8724"},{"taxonomy":"post_tag","embeddable":true,"href":"https:\/\/cidadebaixaonline.com.br\/index.php\/wp-json\/wp\/v2\/tags?post=8724"}],"curies":[{"name":"wp","href":"https:\/\/api.w.org\/{rel}","templated":true}]}}