{"id":8656,"date":"2024-03-21T10:49:18","date_gmt":"2024-03-21T13:49:18","guid":{"rendered":"https:\/\/cidadebaixaonline.com.br\/?p=8656"},"modified":"2024-03-21T10:49:20","modified_gmt":"2024-03-21T13:49:20","slug":"fim-da-saidinha-no-feriado-camara-aprova-projeto-que-limita-liberacao-de-presos","status":"publish","type":"post","link":"https:\/\/cidadebaixaonline.com.br\/index.php\/2024\/03\/21\/fim-da-saidinha-no-feriado-camara-aprova-projeto-que-limita-liberacao-de-presos\/","title":{"rendered":"Fim da saidinha no feriado: C\u00e2mara aprova projeto que limita libera\u00e7\u00e3o de presos"},"content":{"rendered":"\n<p>Nesta quarta-feira (20), a C\u00e2mara dos Deputados aprovou o projeto de lei que limita a &#8220;saidinha&#8221; de presos. O texto da decis\u00e3o vai para san\u00e7\u00e3o presidencial.&nbsp;<\/p>\n\n\n\n<p>O projeto em si j\u00e1 tinha a aprova\u00e7\u00e3o pelos deputados no ano passado, em outubro. Contudo, ao passar pelo Senado, o texto do projeto sofreu algumas altera\u00e7\u00f5es, precisando ent\u00e3o retornar \u00e0 C\u00e2mara para uma nova aprova\u00e7\u00e3o.&nbsp;<\/p>\n\n\n\n<p>O texto foi aprovado em vota\u00e7\u00e3o simb\u00f3lica pelos deputados, quando n\u00e3o se tem registro individual de votos. A situa\u00e7\u00e3o ocorre quando h\u00e1 acordo para a vota\u00e7\u00e3o do projeto e grande consenso entre os parlamentares.&nbsp;<\/p>\n\n\n\n<p>As mudan\u00e7as do projeto, ocorridas no Senado, foram acatadas pelos deputados. A altera\u00e7\u00e3o ocorreu por sugest\u00e3o do senador Sergio Moro (Uni\u00e3o-PR). O ex-ju\u00edz prop\u00f4s que o benef\u00edcio \u201csaidinhas\u201d seja aplicado a detentos em regime semiaberto que tenham atividades educacionais externas, como conclus\u00e3o dos ensinos m\u00e9dio e superior e cursos profissionalizantes.&nbsp;<\/p>\n\n\n\n<p>A altera\u00e7\u00e3o s\u00f3 n\u00e3o vale para aqueles que cometeram crimes hediondos ou com grave amea\u00e7a. Atualmente, o benef\u00edcio \u00e9 negado apenas a quem pratica crime hediondo.<\/p>\n\n\n\n<p>O projeto tamb\u00e9m determina que o detento s\u00f3 poder\u00e1 ficar fora do pres\u00eddio pelo tempo necess\u00e1rio para atividades educacionais. As outras justificativas atualmente aceitas para as sa\u00eddas tempor\u00e1rias, que s\u00e3o visita \u00e0 fam\u00edlia e participa\u00e7\u00e3o em atividades que concorram para o retorno ao conv\u00edvio social, deixam definitivamente de existir na lei.<\/p>\n\n\n\n<p>Fonte: Varela Net <\/p>\n","protected":false},"excerpt":{"rendered":"<p>Nesta quarta-feira (20), a C\u00e2mara dos Deputados aprovou o projeto de lei que limita a &#8220;saidinha&#8221; de presos. O texto da decis\u00e3o vai para san\u00e7\u00e3o presidencial.&nbsp; O projeto em si j\u00e1 tinha a aprova\u00e7\u00e3o pelos deputados no ano passado, em outubro. Contudo, ao passar pelo Senado, o texto do projeto sofreu algumas altera\u00e7\u00f5es, precisando ent\u00e3o [&hellip;]<\/p>\n","protected":false},"author":2,"featured_media":8657,"comment_status":"open","ping_status":"open","sticky":false,"template":"","format":"standard","meta":{"jnews-multi-image_gallery":[],"jnews_single_post":{"subtitle":"","format":"standard","video":"","gallery":"","source_name":"","source_url":"","via_name":"","via_url":"","override_template":"0","override":[{"template":"1","single_blog_custom":"","parallax":"1","fullscreen":"1","layout":"right-sidebar","sidebar":"default-sidebar","second_sidebar":"default-sidebar","sticky_sidebar":"1","share_position":"top","share_float_style":"share-monocrhome","show_share_counter":"0","show_view_counter":"0","show_featured":"1","show_post_meta":"1","show_post_author":"0","show_post_author_image":"1","show_post_date":"1","post_date_format":"default","post_date_format_custom":"Y\/m\/d","show_post_category":"1","show_post_reading_time":"0","post_reading_time_wpm":"300","show_zoom_button":"0","zoom_button_out_step":"2","zoom_button_in_step":"3","show_post_tag":"1","show_prev_next_post":"1","show_popup_post":"1","number_popup_post":"1","show_author_box":"0","show_post_related":"0","show_inline_post_related":"0"}],"override_image_size":"0","image_override":[{"single_post_thumbnail_size":"no-crop","single_post_gallery_size":"crop-715"}],"trending_post":"0","trending_post_position":"meta","trending_post_label":"Trending","sponsored_post":"0","sponsored_post_label":"Sponsored by","sponsored_post_name":"","sponsored_post_url":"","sponsored_post_logo_enable":"0","sponsored_post_logo":"","sponsored_post_desc":"","disable_ad":"0"},"jnews_primary_category":{"id":"","hide":""},"footnotes":""},"categories":[91],"tags":[],"class_list":["post-8656","post","type-post","status-publish","format-standard","has-post-thumbnail","hentry","category-politica"],"_links":{"self":[{"href":"https:\/\/cidadebaixaonline.com.br\/index.php\/wp-json\/wp\/v2\/posts\/8656","targetHints":{"allow":["GET"]}}],"collection":[{"href":"https:\/\/cidadebaixaonline.com.br\/index.php\/wp-json\/wp\/v2\/posts"}],"about":[{"href":"https:\/\/cidadebaixaonline.com.br\/index.php\/wp-json\/wp\/v2\/types\/post"}],"author":[{"embeddable":true,"href":"https:\/\/cidadebaixaonline.com.br\/index.php\/wp-json\/wp\/v2\/users\/2"}],"replies":[{"embeddable":true,"href":"https:\/\/cidadebaixaonline.com.br\/index.php\/wp-json\/wp\/v2\/comments?post=8656"}],"version-history":[{"count":1,"href":"https:\/\/cidadebaixaonline.com.br\/index.php\/wp-json\/wp\/v2\/posts\/8656\/revisions"}],"predecessor-version":[{"id":8658,"href":"https:\/\/cidadebaixaonline.com.br\/index.php\/wp-json\/wp\/v2\/posts\/8656\/revisions\/8658"}],"wp:featuredmedia":[{"embeddable":true,"href":"https:\/\/cidadebaixaonline.com.br\/index.php\/wp-json\/wp\/v2\/media\/8657"}],"wp:attachment":[{"href":"https:\/\/cidadebaixaonline.com.br\/index.php\/wp-json\/wp\/v2\/media?parent=8656"}],"wp:term":[{"taxonomy":"category","embeddable":true,"href":"https:\/\/cidadebaixaonline.com.br\/index.php\/wp-json\/wp\/v2\/categories?post=8656"},{"taxonomy":"post_tag","embeddable":true,"href":"https:\/\/cidadebaixaonline.com.br\/index.php\/wp-json\/wp\/v2\/tags?post=8656"}],"curies":[{"name":"wp","href":"https:\/\/api.w.org\/{rel}","templated":true}]}}