{"id":8317,"date":"2024-03-01T18:24:21","date_gmt":"2024-03-01T21:24:21","guid":{"rendered":"https:\/\/cidadebaixaonline.com.br\/?p=8317"},"modified":"2024-03-01T18:24:21","modified_gmt":"2024-03-01T21:24:21","slug":"justica-ordena-dona-do-facebook-a-deixar-de-utilizar-marca-meta-no-brasil-entenda-motivo","status":"publish","type":"post","link":"https:\/\/cidadebaixaonline.com.br\/index.php\/2024\/03\/01\/justica-ordena-dona-do-facebook-a-deixar-de-utilizar-marca-meta-no-brasil-entenda-motivo\/","title":{"rendered":"Justi\u00e7a ordena dona do Facebook a deixar de utilizar marca Meta no Brasil; entenda motivo"},"content":{"rendered":"\n<p>O Tribunal de Justi\u00e7a do Estado de S\u00e3o Paulo (TJ-SP) determinou que a dona do Facebook, do Instagram e do WhatsApp, a Meta Platforms, deixe de usar a sua marca no Brasil. A decis\u00e3o atende pedido da brasileira Meta Servi\u00e7os em Inform\u00e1tica, que afirma estar sendo prejudicada desde que a companhia de Mark Zuckerberg trocou de nome, em outubro de 2021.<\/p>\n\n\n\n<p>A Meta brasileira afirma que j\u00e1 s\u00e3o 143 processos judiciais em que ela consta como r\u00e9 de forma equivocada, &#8220;pois deveriam ser destinados \u00e0 empresa americana&#8221;. As informa\u00e7\u00f5es s\u00e3o do g1.&nbsp;<\/p>\n\n\n\n<p>Foi estabelecido prazo de 30 dias para que a Meta Platforms deixe de usar essa marca no pa\u00eds. Os desembargadores Eduardo Azuma Nishi, Cesar Ciampolini e Fortes Barbosa determinaram, ainda, multa di\u00e1ria de R$ 100 mil em caso de descumprimento. Conforme a decis\u00e3o, a big tech deve tamb\u00e9m informar em seu canais que a brasileira \u00e9 detentora da marca Meta no Brasil &#8220;h\u00e1 mais de 30 anos&#8221; e que ambas n\u00e3o t\u00eam rela\u00e7\u00e3o entre si.<\/p>\n\n\n\n<p>NOME<\/p>\n\n\n\n<p>A Meta nacional foi fundada em 1990 e confirmou&nbsp;ter pedido o registro da marca junto ao Instituto Nacional de Propriedade Intelectual (INPI) em 1996, sendo concedido em 2008. Ao g1, eles alegam ter recebido notifica\u00e7\u00f5es do Procon sobre problemas no Facebook, Instagram e WhatsApp, diante de reclama\u00e7\u00f5es feitas por usu\u00e1rios das redes. A empresa tamb\u00e9m diz receber \u201cmensagens de \u00f3dio, reclama\u00e7\u00f5es e solicita\u00e7\u00f5es indevidas\u201d em seus canais oficiais na internet, de pessoas que pensavam estar se direcionando \u00e0 empresa norte-americana.<\/p>\n\n\n\n<p>Ao mudar o nome da marca em outubro de 2021, Mark Zuckerberg disse que a marca Facebook j\u00e1 n\u00e3o representava mais todas as \u00e1reas que eles exploram e a partir da\u00ed adotou o nome Meta Platforms.&nbsp;<\/p>\n\n\n\n<p>Fonte: Bahia Not\u00edcias <\/p>\n","protected":false},"excerpt":{"rendered":"<p>O Tribunal de Justi\u00e7a do Estado de S\u00e3o Paulo (TJ-SP) determinou que a dona do Facebook, do Instagram e do WhatsApp, a Meta Platforms, deixe de usar a sua marca no Brasil. A decis\u00e3o atende pedido da brasileira Meta Servi\u00e7os em Inform\u00e1tica, que afirma estar sendo prejudicada desde que a companhia de Mark Zuckerberg trocou [&hellip;]<\/p>\n","protected":false},"author":2,"featured_media":8316,"comment_status":"open","ping_status":"open","sticky":false,"template":"","format":"standard","meta":{"jnews-multi-image_gallery":[],"jnews_single_post":[],"jnews_primary_category":[],"footnotes":""},"categories":[107],"tags":[],"class_list":["post-8317","post","type-post","status-publish","format-standard","has-post-thumbnail","hentry","category-justica"],"_links":{"self":[{"href":"https:\/\/cidadebaixaonline.com.br\/index.php\/wp-json\/wp\/v2\/posts\/8317","targetHints":{"allow":["GET"]}}],"collection":[{"href":"https:\/\/cidadebaixaonline.com.br\/index.php\/wp-json\/wp\/v2\/posts"}],"about":[{"href":"https:\/\/cidadebaixaonline.com.br\/index.php\/wp-json\/wp\/v2\/types\/post"}],"author":[{"embeddable":true,"href":"https:\/\/cidadebaixaonline.com.br\/index.php\/wp-json\/wp\/v2\/users\/2"}],"replies":[{"embeddable":true,"href":"https:\/\/cidadebaixaonline.com.br\/index.php\/wp-json\/wp\/v2\/comments?post=8317"}],"version-history":[{"count":1,"href":"https:\/\/cidadebaixaonline.com.br\/index.php\/wp-json\/wp\/v2\/posts\/8317\/revisions"}],"predecessor-version":[{"id":8318,"href":"https:\/\/cidadebaixaonline.com.br\/index.php\/wp-json\/wp\/v2\/posts\/8317\/revisions\/8318"}],"wp:featuredmedia":[{"embeddable":true,"href":"https:\/\/cidadebaixaonline.com.br\/index.php\/wp-json\/wp\/v2\/media\/8316"}],"wp:attachment":[{"href":"https:\/\/cidadebaixaonline.com.br\/index.php\/wp-json\/wp\/v2\/media?parent=8317"}],"wp:term":[{"taxonomy":"category","embeddable":true,"href":"https:\/\/cidadebaixaonline.com.br\/index.php\/wp-json\/wp\/v2\/categories?post=8317"},{"taxonomy":"post_tag","embeddable":true,"href":"https:\/\/cidadebaixaonline.com.br\/index.php\/wp-json\/wp\/v2\/tags?post=8317"}],"curies":[{"name":"wp","href":"https:\/\/api.w.org\/{rel}","templated":true}]}}