{"id":8148,"date":"2024-02-22T16:04:14","date_gmt":"2024-02-22T19:04:14","guid":{"rendered":"https:\/\/cidadebaixaonline.com.br\/?p=8148"},"modified":"2024-02-22T16:04:16","modified_gmt":"2024-02-22T19:04:16","slug":"exercito-conclui-inquerito-sobre-furto-de-armas-em-quartel-de-barueri","status":"publish","type":"post","link":"https:\/\/cidadebaixaonline.com.br\/index.php\/2024\/02\/22\/exercito-conclui-inquerito-sobre-furto-de-armas-em-quartel-de-barueri\/","title":{"rendered":"Ex\u00e9rcito conclui inqu\u00e9rito sobre furto de armas em quartel de Barueri"},"content":{"rendered":"\n<p>O Ex\u00e9rcito concluiu a investiga\u00e7\u00e3o sobre o furto das 21 metralhadoras de um quartel, ocorrido em setembro do ano passado, em Barueri, na Grande S\u00e3o Paulo. Militares e civis acusados pelo sumi\u00e7o das armas foram indiciados. Eles foram responsabilizados por furto, peculato, recepta\u00e7\u00e3o e extravio de armas. Dezenove metralhadoras foram recuperadas, e duas ainda s\u00e3o procuradas.<\/p>\n\n\n\n<p>Em nota, o Comando Militar do Sudeste informou apenas que o inqu\u00e9rito foi finalizado no dia 16 deste m\u00eas e que, na mesma data, o documento foi remetido \u00e0 Justi\u00e7a Militar da Uni\u00e3o. No entanto, a corpora\u00e7\u00e3o n\u00e3o informou o n\u00famero de indiciados, nem quantos s\u00e3o militares e quantos s\u00e3o civis. Tamb\u00e9m n\u00e3o revelou se as pris\u00f5es foram decretadas, alegando que o caso ainda est\u00e1 sob sigilo judicial.<\/p>\n\n\n\n<p>Agora, o Minist\u00e9rio P\u00fablico Militar vai decidir se h\u00e1 elementos para denunciar os investigados. Se o MP decidir que sim, o inqu\u00e9rito seguir\u00e1 para a Justi\u00e7a Militar, que avaliar\u00e1 se h\u00e1 ind\u00edcios para incriminar e tornar r\u00e9us os acusados. Se forem considerados culpados, os militares poder\u00e3o receber penas de at\u00e9 50 anos de pris\u00e3o e depois ser expulsos do Ex\u00e9rcito.<\/p>\n\n\n\n<p>Segundo o Ex\u00e9rcito, as armas furtadas n\u00e3o t\u00eam condi\u00e7\u00f5es de uso e devem ser inutilizadas ou destru\u00eddas.<\/p>\n\n\n\n<p>Fonte: Ag\u00eancia Brasil<\/p>\n","protected":false},"excerpt":{"rendered":"<p>O Ex\u00e9rcito concluiu a investiga\u00e7\u00e3o sobre o furto das 21 metralhadoras de um quartel, ocorrido em setembro do ano passado, em Barueri, na Grande S\u00e3o Paulo. Militares e civis acusados pelo sumi\u00e7o das armas foram indiciados. Eles foram responsabilizados por furto, peculato, recepta\u00e7\u00e3o e extravio de armas. Dezenove metralhadoras foram recuperadas, e duas ainda s\u00e3o [&hellip;]<\/p>\n","protected":false},"author":2,"featured_media":8149,"comment_status":"open","ping_status":"open","sticky":false,"template":"","format":"standard","meta":{"jnews-multi-image_gallery":[],"jnews_single_post":{"subtitle":"","format":"standard","video":"","gallery":"","source_name":"","source_url":"","via_name":"","via_url":"","override_template":"0","override":[{"template":"1","single_blog_custom":"","parallax":"1","fullscreen":"1","layout":"right-sidebar","sidebar":"default-sidebar","second_sidebar":"default-sidebar","sticky_sidebar":"1","share_position":"top","share_float_style":"share-monocrhome","show_share_counter":"0","show_view_counter":"0","show_featured":"1","show_post_meta":"1","show_post_author":"0","show_post_author_image":"1","show_post_date":"1","post_date_format":"default","post_date_format_custom":"Y\/m\/d","show_post_category":"1","show_post_reading_time":"0","post_reading_time_wpm":"300","show_zoom_button":"0","zoom_button_out_step":"2","zoom_button_in_step":"3","show_post_tag":"1","show_prev_next_post":"1","show_popup_post":"1","number_popup_post":"1","show_author_box":"0","show_post_related":"0","show_inline_post_related":"0"}],"override_image_size":"0","image_override":[{"single_post_thumbnail_size":"no-crop","single_post_gallery_size":"crop-715"}],"trending_post":"0","trending_post_position":"meta","trending_post_label":"Trending","sponsored_post":"0","sponsored_post_label":"Sponsored by","sponsored_post_name":"","sponsored_post_url":"","sponsored_post_logo_enable":"0","sponsored_post_logo":"","sponsored_post_desc":"","disable_ad":"0"},"jnews_primary_category":{"id":"","hide":""},"footnotes":""},"categories":[85],"tags":[],"class_list":["post-8148","post","type-post","status-publish","format-standard","has-post-thumbnail","hentry","category-noticias"],"_links":{"self":[{"href":"https:\/\/cidadebaixaonline.com.br\/index.php\/wp-json\/wp\/v2\/posts\/8148","targetHints":{"allow":["GET"]}}],"collection":[{"href":"https:\/\/cidadebaixaonline.com.br\/index.php\/wp-json\/wp\/v2\/posts"}],"about":[{"href":"https:\/\/cidadebaixaonline.com.br\/index.php\/wp-json\/wp\/v2\/types\/post"}],"author":[{"embeddable":true,"href":"https:\/\/cidadebaixaonline.com.br\/index.php\/wp-json\/wp\/v2\/users\/2"}],"replies":[{"embeddable":true,"href":"https:\/\/cidadebaixaonline.com.br\/index.php\/wp-json\/wp\/v2\/comments?post=8148"}],"version-history":[{"count":1,"href":"https:\/\/cidadebaixaonline.com.br\/index.php\/wp-json\/wp\/v2\/posts\/8148\/revisions"}],"predecessor-version":[{"id":8150,"href":"https:\/\/cidadebaixaonline.com.br\/index.php\/wp-json\/wp\/v2\/posts\/8148\/revisions\/8150"}],"wp:featuredmedia":[{"embeddable":true,"href":"https:\/\/cidadebaixaonline.com.br\/index.php\/wp-json\/wp\/v2\/media\/8149"}],"wp:attachment":[{"href":"https:\/\/cidadebaixaonline.com.br\/index.php\/wp-json\/wp\/v2\/media?parent=8148"}],"wp:term":[{"taxonomy":"category","embeddable":true,"href":"https:\/\/cidadebaixaonline.com.br\/index.php\/wp-json\/wp\/v2\/categories?post=8148"},{"taxonomy":"post_tag","embeddable":true,"href":"https:\/\/cidadebaixaonline.com.br\/index.php\/wp-json\/wp\/v2\/tags?post=8148"}],"curies":[{"name":"wp","href":"https:\/\/api.w.org\/{rel}","templated":true}]}}