{"id":8145,"date":"2024-02-22T15:57:18","date_gmt":"2024-02-22T18:57:18","guid":{"rendered":"https:\/\/cidadebaixaonline.com.br\/?p=8145"},"modified":"2024-02-22T15:57:20","modified_gmt":"2024-02-22T18:57:20","slug":"caca-leao-assume-presidencia-do-progressistas-de-salvador","status":"publish","type":"post","link":"https:\/\/cidadebaixaonline.com.br\/index.php\/2024\/02\/22\/caca-leao-assume-presidencia-do-progressistas-de-salvador\/","title":{"rendered":"Cac\u00e1 Le\u00e3o assume presid\u00eancia do Progressistas de Salvador"},"content":{"rendered":"\n<p>Secret\u00e1rio de Governo da Prefeitura de Salvador, Cac\u00e1 Le\u00e3o ser\u00e1 o novo presidente do Partido Progressistas na capital baiana. A confirma\u00e7\u00e3o veio nesta quinta-feira, 22, depois de encontro dele com o presidente estadual do partido, deputado federal Mario Negromonte Junior, e o prefeito Bruno Reis.<\/p>\n\n\n\n<p>Com a nova fun\u00e7\u00e3o, o ex-parlamentar federal ter\u00e1 a miss\u00e3o de organizar a legenda para o pleito eleitoral deste ano, papel que j\u00e1 vinha exercendo desde que passou a integrar a gest\u00e3o municipal, quando levou para a sigla seis vereadores da base de governo.&nbsp;<\/p>\n\n\n\n<p>Para Cac\u00e1 Le\u00e3o, o di\u00e1logo com a bancada de vereadores do PP de Salvador j\u00e1 \u00e9 exitosa e se ampliar\u00e1 \u00e0s lideran\u00e7as que comp\u00f5em a sigla na capital.<\/p>\n\n\n\n<p>\u201cQuero destacar que a aten\u00e7\u00e3o com os vereadores e lideran\u00e7as de todos os partidos da nossa base aliada, que venho tendo desde que assumi a Segov, seguir\u00e1 a mesma\u201d, afirmou.<\/p>\n\n\n\n<p>Fonte: A Tarde <\/p>\n","protected":false},"excerpt":{"rendered":"<p>Secret\u00e1rio de Governo da Prefeitura de Salvador, Cac\u00e1 Le\u00e3o ser\u00e1 o novo presidente do Partido Progressistas na capital baiana. A confirma\u00e7\u00e3o veio nesta quinta-feira, 22, depois de encontro dele com o presidente estadual do partido, deputado federal Mario Negromonte Junior, e o prefeito Bruno Reis. Com a nova fun\u00e7\u00e3o, o ex-parlamentar federal ter\u00e1 a miss\u00e3o [&hellip;]<\/p>\n","protected":false},"author":2,"featured_media":8146,"comment_status":"open","ping_status":"open","sticky":false,"template":"","format":"standard","meta":{"jnews-multi-image_gallery":[],"jnews_single_post":{"subtitle":"","format":"standard","video":"","gallery":"","source_name":"","source_url":"","via_name":"","via_url":"","override_template":"0","override":[{"template":"1","single_blog_custom":"","parallax":"1","fullscreen":"1","layout":"right-sidebar","sidebar":"default-sidebar","second_sidebar":"default-sidebar","sticky_sidebar":"1","share_position":"top","share_float_style":"share-monocrhome","show_share_counter":"0","show_view_counter":"0","show_featured":"1","show_post_meta":"1","show_post_author":"0","show_post_author_image":"1","show_post_date":"1","post_date_format":"default","post_date_format_custom":"Y\/m\/d","show_post_category":"1","show_post_reading_time":"0","post_reading_time_wpm":"300","show_zoom_button":"0","zoom_button_out_step":"2","zoom_button_in_step":"3","show_post_tag":"1","show_prev_next_post":"1","show_popup_post":"1","number_popup_post":"1","show_author_box":"0","show_post_related":"0","show_inline_post_related":"0"}],"override_image_size":"0","image_override":[{"single_post_thumbnail_size":"no-crop","single_post_gallery_size":"crop-715"}],"trending_post":"0","trending_post_position":"meta","trending_post_label":"Trending","sponsored_post":"0","sponsored_post_label":"Sponsored by","sponsored_post_name":"","sponsored_post_url":"","sponsored_post_logo_enable":"0","sponsored_post_logo":"","sponsored_post_desc":"","disable_ad":"0"},"jnews_primary_category":{"id":"","hide":""},"footnotes":""},"categories":[91],"tags":[],"class_list":["post-8145","post","type-post","status-publish","format-standard","has-post-thumbnail","hentry","category-politica"],"_links":{"self":[{"href":"https:\/\/cidadebaixaonline.com.br\/index.php\/wp-json\/wp\/v2\/posts\/8145","targetHints":{"allow":["GET"]}}],"collection":[{"href":"https:\/\/cidadebaixaonline.com.br\/index.php\/wp-json\/wp\/v2\/posts"}],"about":[{"href":"https:\/\/cidadebaixaonline.com.br\/index.php\/wp-json\/wp\/v2\/types\/post"}],"author":[{"embeddable":true,"href":"https:\/\/cidadebaixaonline.com.br\/index.php\/wp-json\/wp\/v2\/users\/2"}],"replies":[{"embeddable":true,"href":"https:\/\/cidadebaixaonline.com.br\/index.php\/wp-json\/wp\/v2\/comments?post=8145"}],"version-history":[{"count":1,"href":"https:\/\/cidadebaixaonline.com.br\/index.php\/wp-json\/wp\/v2\/posts\/8145\/revisions"}],"predecessor-version":[{"id":8147,"href":"https:\/\/cidadebaixaonline.com.br\/index.php\/wp-json\/wp\/v2\/posts\/8145\/revisions\/8147"}],"wp:featuredmedia":[{"embeddable":true,"href":"https:\/\/cidadebaixaonline.com.br\/index.php\/wp-json\/wp\/v2\/media\/8146"}],"wp:attachment":[{"href":"https:\/\/cidadebaixaonline.com.br\/index.php\/wp-json\/wp\/v2\/media?parent=8145"}],"wp:term":[{"taxonomy":"category","embeddable":true,"href":"https:\/\/cidadebaixaonline.com.br\/index.php\/wp-json\/wp\/v2\/categories?post=8145"},{"taxonomy":"post_tag","embeddable":true,"href":"https:\/\/cidadebaixaonline.com.br\/index.php\/wp-json\/wp\/v2\/tags?post=8145"}],"curies":[{"name":"wp","href":"https:\/\/api.w.org\/{rel}","templated":true}]}}