{"id":8136,"date":"2024-02-22T14:27:43","date_gmt":"2024-02-22T17:27:43","guid":{"rendered":"https:\/\/cidadebaixaonline.com.br\/?p=8136"},"modified":"2024-02-22T14:27:45","modified_gmt":"2024-02-22T17:27:45","slug":"toni-kroos-volta-atras-de-aposentadoria-e-jogara-eurocopa-pela-alemanha-essa-equipe-pode-fazer-coisas-epeciais","status":"publish","type":"post","link":"https:\/\/cidadebaixaonline.com.br\/index.php\/2024\/02\/22\/toni-kroos-volta-atras-de-aposentadoria-e-jogara-eurocopa-pela-alemanha-essa-equipe-pode-fazer-coisas-epeciais\/","title":{"rendered":"Toni Kroos volta atr\u00e1s de aposentadoria e jogar\u00e1 Eurocopa pela Alemanha &#8220;Essa equipe pode fazer coisas epeciais&#8221;"},"content":{"rendered":"\n<p>Aposentado da sele\u00e7\u00e3o alem\u00e3 desde a Euro de 2020, o meia Toni Kroos anunciou sua volta \u00e0 equipe nacional na manh\u00e3 desta quinta-feira (22). O jogador de 34 anos<br>&nbsp;&#8211; que cogita a aposentadoria ao fim da temporada 2024 -, retorna a sele\u00e7\u00e3o para a disputa da Eurocopa 2024, que inicia 14 junho, na partida de abertura entre Alemanha e Esc\u00f3cia, em Munique.<\/p>\n\n\n\n<p>&#8220;Vou jogar pela Alemanha novamente em mar\u00e7o. Por que? Porque o treinador me pediu, estou com vontade e tenho a certeza que com a equipe na EURO 2024 \u00e9 poss\u00edvel muito mais do que muitos acreditam neste momento!&#8221;, disse Kroos, em comuinicado.<\/p>\n\n\n\n<p>\u201cEstou convencido de que esta equipe pode fazer coisas especiais na Euro\u201d, finalizou\u00a0Toni Kroos.<\/p>\n\n\n\n<p>Isso deixa o Real Madrid com uma pitada de esperan\u00e7a para que Kroos responda a oferta do clube de renova\u00e7\u00e3o por mais uma temporada.<\/p>\n\n\n\n<p>Fonte: Bahia Not\u00edcias <\/p>\n","protected":false},"excerpt":{"rendered":"<p>Aposentado da sele\u00e7\u00e3o alem\u00e3 desde a Euro de 2020, o meia Toni Kroos anunciou sua volta \u00e0 equipe nacional na manh\u00e3 desta quinta-feira (22). O jogador de 34 anos&nbsp;&#8211; que cogita a aposentadoria ao fim da temporada 2024 -, retorna a sele\u00e7\u00e3o para a disputa da Eurocopa 2024, que inicia 14 junho, na partida de [&hellip;]<\/p>\n","protected":false},"author":2,"featured_media":8137,"comment_status":"open","ping_status":"open","sticky":false,"template":"","format":"standard","meta":{"jnews-multi-image_gallery":[],"jnews_single_post":{"subtitle":"","format":"standard","video":"","gallery":"","source_name":"","source_url":"","via_name":"","via_url":"","override_template":"0","override":[{"template":"1","single_blog_custom":"","parallax":"1","fullscreen":"1","layout":"right-sidebar","sidebar":"default-sidebar","second_sidebar":"default-sidebar","sticky_sidebar":"1","share_position":"top","share_float_style":"share-monocrhome","show_share_counter":"0","show_view_counter":"0","show_featured":"1","show_post_meta":"1","show_post_author":"0","show_post_author_image":"1","show_post_date":"1","post_date_format":"default","post_date_format_custom":"Y\/m\/d","show_post_category":"1","show_post_reading_time":"0","post_reading_time_wpm":"300","show_zoom_button":"0","zoom_button_out_step":"2","zoom_button_in_step":"3","show_post_tag":"1","show_prev_next_post":"1","show_popup_post":"1","number_popup_post":"1","show_author_box":"0","show_post_related":"0","show_inline_post_related":"0"}],"override_image_size":"0","image_override":[{"single_post_thumbnail_size":"no-crop","single_post_gallery_size":"crop-715"}],"trending_post":"0","trending_post_position":"meta","trending_post_label":"Trending","sponsored_post":"0","sponsored_post_label":"Sponsored by","sponsored_post_name":"","sponsored_post_url":"","sponsored_post_logo_enable":"0","sponsored_post_logo":"","sponsored_post_desc":"","disable_ad":"0"},"jnews_primary_category":{"id":"","hide":""},"footnotes":""},"categories":[89],"tags":[],"class_list":["post-8136","post","type-post","status-publish","format-standard","has-post-thumbnail","hentry","category-esportes"],"_links":{"self":[{"href":"https:\/\/cidadebaixaonline.com.br\/index.php\/wp-json\/wp\/v2\/posts\/8136","targetHints":{"allow":["GET"]}}],"collection":[{"href":"https:\/\/cidadebaixaonline.com.br\/index.php\/wp-json\/wp\/v2\/posts"}],"about":[{"href":"https:\/\/cidadebaixaonline.com.br\/index.php\/wp-json\/wp\/v2\/types\/post"}],"author":[{"embeddable":true,"href":"https:\/\/cidadebaixaonline.com.br\/index.php\/wp-json\/wp\/v2\/users\/2"}],"replies":[{"embeddable":true,"href":"https:\/\/cidadebaixaonline.com.br\/index.php\/wp-json\/wp\/v2\/comments?post=8136"}],"version-history":[{"count":1,"href":"https:\/\/cidadebaixaonline.com.br\/index.php\/wp-json\/wp\/v2\/posts\/8136\/revisions"}],"predecessor-version":[{"id":8138,"href":"https:\/\/cidadebaixaonline.com.br\/index.php\/wp-json\/wp\/v2\/posts\/8136\/revisions\/8138"}],"wp:featuredmedia":[{"embeddable":true,"href":"https:\/\/cidadebaixaonline.com.br\/index.php\/wp-json\/wp\/v2\/media\/8137"}],"wp:attachment":[{"href":"https:\/\/cidadebaixaonline.com.br\/index.php\/wp-json\/wp\/v2\/media?parent=8136"}],"wp:term":[{"taxonomy":"category","embeddable":true,"href":"https:\/\/cidadebaixaonline.com.br\/index.php\/wp-json\/wp\/v2\/categories?post=8136"},{"taxonomy":"post_tag","embeddable":true,"href":"https:\/\/cidadebaixaonline.com.br\/index.php\/wp-json\/wp\/v2\/tags?post=8136"}],"curies":[{"name":"wp","href":"https:\/\/api.w.org\/{rel}","templated":true}]}}