{"id":7806,"date":"2024-01-30T14:18:13","date_gmt":"2024-01-30T17:18:13","guid":{"rendered":"https:\/\/cidadebaixaonline.com.br\/?p=7806"},"modified":"2024-01-30T14:18:15","modified_gmt":"2024-01-30T17:18:15","slug":"brasil-pode-registrar-ate-42-milhoes-de-casos-de-dengue-em-2024","status":"publish","type":"post","link":"https:\/\/cidadebaixaonline.com.br\/index.php\/2024\/01\/30\/brasil-pode-registrar-ate-42-milhoes-de-casos-de-dengue-em-2024\/","title":{"rendered":"Brasil pode registrar at\u00e9 4,2 milh\u00f5es de casos de dengue em 2024"},"content":{"rendered":"\n<p>O ano de 2024 deve registrar 1.960.460 casos de dengue no Brasil. Essa estimativa, entretanto, pode variar de 1.462.310 at\u00e9 4.225.885 de casos. Os n\u00fameros foram divulgados nesta ter\u00e7a-feira (30), em Bras\u00edlia, pelo Minist\u00e9rio da Sa\u00fade, durante encontro entre representantes da Sala Nacional de Arboviroses, do Conselho Nacional de Secret\u00e1rios de Sa\u00fade (Conass) e do Conselho Nacional de Secretarias Municipais de Sa\u00fade (Conasems).<\/p>\n\n\n\n<p>Nas quatro primeiras semanas do ano, o pa\u00eds j\u00e1 contabiliza um acumulado de 217.841 casos prov\u00e1veis da doen\u00e7a. H\u00e1 ainda 15 mortes confirmadas e 149 em investiga\u00e7\u00e3o.<\/p>\n\n\n\n<p>A incid\u00eancia \u00e9 de 107,1 casos para cada grupo de 100 mil habitantes, enquanto a taxa de letalidade est\u00e1 em 0,9%. &nbsp;No balan\u00e7o anterior, que englobava as tr\u00eas primeiras semanas de 2024, o pa\u00eds registrava 12 mortes e 120.874 casos prov\u00e1veis da doen\u00e7a. Havia ainda 85 \u00f3bitos em investiga\u00e7\u00e3o.<\/p>\n\n\n\n<p><strong>Vacina<\/strong><\/p>\n\n\n\n<p>A distribui\u00e7\u00e3o da vacina contra a dengue para os 521 munic\u00edpios brasileiros selecionados pode come\u00e7ar na segunda semana de fevereiro. A ministra da Sa\u00fade, N\u00edsia Trindade, disse nesta ter\u00e7a-feira (30) que as doses ainda n\u00e3o come\u00e7aram a ser entregues em raz\u00e3o de uma exig\u00eancia da Ag\u00eancia Nacional de Vigil\u00e2ncia Sanit\u00e1ria (Anvisa), a ser cumprida pelo laborat\u00f3rio Takeda, respons\u00e1vel pela produ\u00e7\u00e3o do imunizante.<\/p>\n\n\n\n<p>\u201cA rela\u00e7\u00e3o de prioridades da vacina j\u00e1 foi feita. A ideia \u00e9 distribuir dentro daquele mapa j\u00e1 apresentado. Ainda n\u00e3o iniciamos essa distribui\u00e7\u00e3o porque h\u00e1 uma exig\u00eancia e ela tem que ser cumprida pelo laborat\u00f3rio produtor. \u00c9 uma exig\u00eancia regulat\u00f3ria da Anvisa que a bula esteja em portugu\u00eas. Estamos finalizando esse processo\u201d, explicou. \u201cA partir do momento em que seja solucionada essa quest\u00e3o, essa \u00e9 a nossa previs\u00e3o. N\u00e3o haver\u00e1 por que ter mais delongas\u201d, esclareceu.<\/p>\n\n\n\n<p><strong>Vacina\u00e7\u00e3o<\/strong><\/p>\n\n\n\n<p>Ser\u00e3o vacinadas crian\u00e7as e adolescentes de 10 a 14 anos, faixa et\u00e1ria que concentra um dos maiores n\u00fameros de hospitaliza\u00e7\u00f5es por dengue. Dados do Minist\u00e9rio da Sa\u00fade mostram que &#8211; de janeiro de 2019 a novembro de 2023 &#8211; o grupo respondeu por 16,4 mil hospitaliza\u00e7\u00f5es, atr\u00e1s apenas dos idosos, grupo para o qual a vacina n\u00e3o foi autorizada. O esquema vacinal ser\u00e1 composto por duas doses, com intervalo de tr\u00eas meses entre elas.<\/p>\n\n\n\n<p>A defini\u00e7\u00e3o de um p\u00fablico-alvo e de regi\u00f5es priorit\u00e1rias para a imuniza\u00e7\u00e3o foi necess\u00e1ria em raz\u00e3o da capacidade limitada de fornecimento de doses pelo laborat\u00f3rio fabricante da vacina. A primeira remessa, com cerca de 757 mil doses, chegou ao Brasil no \u00faltimo dia 20. O lote faz parte de um total de 1,32 milh\u00e3o de doses fornecidas pela farmac\u00eautica. Outra remessa, com mais de 568 mil doses, est\u00e1 com entrega prevista para fevereiro.<\/p>\n\n\n\n<p>Fonte: Agencia Brasil<\/p>\n","protected":false},"excerpt":{"rendered":"<p>O ano de 2024 deve registrar 1.960.460 casos de dengue no Brasil. Essa estimativa, entretanto, pode variar de 1.462.310 at\u00e9 4.225.885 de casos. Os n\u00fameros foram divulgados nesta ter\u00e7a-feira (30), em Bras\u00edlia, pelo Minist\u00e9rio da Sa\u00fade, durante encontro entre representantes da Sala Nacional de Arboviroses, do Conselho Nacional de Secret\u00e1rios de Sa\u00fade (Conass) e do [&hellip;]<\/p>\n","protected":false},"author":2,"featured_media":7807,"comment_status":"open","ping_status":"open","sticky":false,"template":"","format":"standard","meta":{"jnews-multi-image_gallery":[],"jnews_single_post":{"subtitle":"","format":"standard","video":"","gallery":"","source_name":"","source_url":"","via_name":"","via_url":"","override_template":"0","override":[{"template":"1","single_blog_custom":"","parallax":"1","fullscreen":"1","layout":"right-sidebar","sidebar":"default-sidebar","second_sidebar":"default-sidebar","sticky_sidebar":"1","share_position":"top","share_float_style":"share-monocrhome","show_share_counter":"0","show_view_counter":"0","show_featured":"1","show_post_meta":"1","show_post_author":"0","show_post_author_image":"1","show_post_date":"1","post_date_format":"default","post_date_format_custom":"Y\/m\/d","show_post_category":"1","show_post_reading_time":"0","post_reading_time_wpm":"300","show_zoom_button":"0","zoom_button_out_step":"2","zoom_button_in_step":"3","show_post_tag":"1","show_prev_next_post":"1","show_popup_post":"1","number_popup_post":"1","show_author_box":"0","show_post_related":"0","show_inline_post_related":"0"}],"override_image_size":"0","image_override":[{"single_post_thumbnail_size":"no-crop","single_post_gallery_size":"crop-715"}],"trending_post":"0","trending_post_position":"meta","trending_post_label":"Trending","sponsored_post":"0","sponsored_post_label":"Sponsored by","sponsored_post_name":"","sponsored_post_url":"","sponsored_post_logo_enable":"0","sponsored_post_logo":"","sponsored_post_desc":"","disable_ad":"0"},"jnews_primary_category":{"id":"","hide":""},"footnotes":""},"categories":[94],"tags":[],"class_list":["post-7806","post","type-post","status-publish","format-standard","has-post-thumbnail","hentry","category-saude-2"],"_links":{"self":[{"href":"https:\/\/cidadebaixaonline.com.br\/index.php\/wp-json\/wp\/v2\/posts\/7806","targetHints":{"allow":["GET"]}}],"collection":[{"href":"https:\/\/cidadebaixaonline.com.br\/index.php\/wp-json\/wp\/v2\/posts"}],"about":[{"href":"https:\/\/cidadebaixaonline.com.br\/index.php\/wp-json\/wp\/v2\/types\/post"}],"author":[{"embeddable":true,"href":"https:\/\/cidadebaixaonline.com.br\/index.php\/wp-json\/wp\/v2\/users\/2"}],"replies":[{"embeddable":true,"href":"https:\/\/cidadebaixaonline.com.br\/index.php\/wp-json\/wp\/v2\/comments?post=7806"}],"version-history":[{"count":1,"href":"https:\/\/cidadebaixaonline.com.br\/index.php\/wp-json\/wp\/v2\/posts\/7806\/revisions"}],"predecessor-version":[{"id":7808,"href":"https:\/\/cidadebaixaonline.com.br\/index.php\/wp-json\/wp\/v2\/posts\/7806\/revisions\/7808"}],"wp:featuredmedia":[{"embeddable":true,"href":"https:\/\/cidadebaixaonline.com.br\/index.php\/wp-json\/wp\/v2\/media\/7807"}],"wp:attachment":[{"href":"https:\/\/cidadebaixaonline.com.br\/index.php\/wp-json\/wp\/v2\/media?parent=7806"}],"wp:term":[{"taxonomy":"category","embeddable":true,"href":"https:\/\/cidadebaixaonline.com.br\/index.php\/wp-json\/wp\/v2\/categories?post=7806"},{"taxonomy":"post_tag","embeddable":true,"href":"https:\/\/cidadebaixaonline.com.br\/index.php\/wp-json\/wp\/v2\/tags?post=7806"}],"curies":[{"name":"wp","href":"https:\/\/api.w.org\/{rel}","templated":true}]}}