{"id":7779,"date":"2024-01-30T10:27:57","date_gmt":"2024-01-30T13:27:57","guid":{"rendered":"https:\/\/cidadebaixaonline.com.br\/?p=7779"},"modified":"2024-01-30T10:27:58","modified_gmt":"2024-01-30T13:27:58","slug":"homem-morto-a-tiros-no-carnaval-de-juazeiro-estava-com-a-esposa-e-o-filho","status":"publish","type":"post","link":"https:\/\/cidadebaixaonline.com.br\/index.php\/2024\/01\/30\/homem-morto-a-tiros-no-carnaval-de-juazeiro-estava-com-a-esposa-e-o-filho\/","title":{"rendered":"Homem morto a tiros no Carnaval de Juazeiro estava com a esposa e o filho"},"content":{"rendered":"\n<p>O carnaval de Juazeiro, que aconteceu neste \u00faltimo domingo (28), acabou com tr\u00eas pessoas feridas e um pessoa morta. Uma das v\u00edtimas foi identificada como Rafael de Souza Lima, de 37 anos, foi socorrido e encaminhado para uma unidade de Pronto Atendimento (UPA), mas n\u00e3o resistiu aos ferimentos e veio a \u00f3bito.&nbsp;<\/p>\n\n\n\n<p>De acordo com as informa\u00e7\u00f5es, ele foi v\u00edtima de uma bala perdida, quando dois homens em uma motocicleta realizaram os disparos.&nbsp;<\/p>\n\n\n\n<p>Rafael estava em companhia da esposa e do filho, mas teria ido comprar bebida quando foi atingido pelos tiros.&nbsp;<\/p>\n\n\n\n<p>A empresa Pau Brasil Motos em que ele trabalhava, lamentou a morte do funcion\u00e1rio, por meio de uma publica\u00e7\u00e3o feita no instagram. &#8220;Ao tempo que lamentamos com pesar o falecimento de Rafael Souza Lima, nosso colaborador em Juazeiro, rogamos a Deus o conforto aos familiares e amigos nesse momento de dor e solidariedade&#8221;.<\/p>\n\n\n\n<p>O corpo de Rafael ser\u00e1 sepultado na manh\u00e3 desta ter\u00e7a-feira (30), na cidade que nasceu, Senhor do Bonfim, localizado no centro-norte da Bahia.&nbsp;<\/p>\n\n\n\n<p>Fonte: Varela Net <\/p>\n","protected":false},"excerpt":{"rendered":"<p>O carnaval de Juazeiro, que aconteceu neste \u00faltimo domingo (28), acabou com tr\u00eas pessoas feridas e um pessoa morta. Uma das v\u00edtimas foi identificada como Rafael de Souza Lima, de 37 anos, foi socorrido e encaminhado para uma unidade de Pronto Atendimento (UPA), mas n\u00e3o resistiu aos ferimentos e veio a \u00f3bito.&nbsp; De acordo com [&hellip;]<\/p>\n","protected":false},"author":2,"featured_media":7780,"comment_status":"open","ping_status":"open","sticky":false,"template":"","format":"standard","meta":{"jnews-multi-image_gallery":[],"jnews_single_post":{"subtitle":"","format":"standard","video":"","gallery":"","source_name":"","source_url":"","via_name":"","via_url":"","override_template":"0","override":[{"template":"1","single_blog_custom":"","parallax":"1","fullscreen":"1","layout":"right-sidebar","sidebar":"default-sidebar","second_sidebar":"default-sidebar","sticky_sidebar":"1","share_position":"top","share_float_style":"share-monocrhome","show_share_counter":"0","show_view_counter":"0","show_featured":"1","show_post_meta":"1","show_post_author":"0","show_post_author_image":"1","show_post_date":"1","post_date_format":"default","post_date_format_custom":"Y\/m\/d","show_post_category":"1","show_post_reading_time":"0","post_reading_time_wpm":"300","show_zoom_button":"0","zoom_button_out_step":"2","zoom_button_in_step":"3","show_post_tag":"1","show_prev_next_post":"1","show_popup_post":"1","number_popup_post":"1","show_author_box":"0","show_post_related":"0","show_inline_post_related":"0"}],"override_image_size":"0","image_override":[{"single_post_thumbnail_size":"no-crop","single_post_gallery_size":"crop-715"}],"trending_post":"0","trending_post_position":"meta","trending_post_label":"Trending","sponsored_post":"0","sponsored_post_label":"Sponsored by","sponsored_post_name":"","sponsored_post_url":"","sponsored_post_logo_enable":"0","sponsored_post_logo":"","sponsored_post_desc":"","disable_ad":"0"},"jnews_primary_category":{"id":"","hide":""},"footnotes":""},"categories":[105],"tags":[],"class_list":["post-7779","post","type-post","status-publish","format-standard","has-post-thumbnail","hentry","category-policia"],"_links":{"self":[{"href":"https:\/\/cidadebaixaonline.com.br\/index.php\/wp-json\/wp\/v2\/posts\/7779","targetHints":{"allow":["GET"]}}],"collection":[{"href":"https:\/\/cidadebaixaonline.com.br\/index.php\/wp-json\/wp\/v2\/posts"}],"about":[{"href":"https:\/\/cidadebaixaonline.com.br\/index.php\/wp-json\/wp\/v2\/types\/post"}],"author":[{"embeddable":true,"href":"https:\/\/cidadebaixaonline.com.br\/index.php\/wp-json\/wp\/v2\/users\/2"}],"replies":[{"embeddable":true,"href":"https:\/\/cidadebaixaonline.com.br\/index.php\/wp-json\/wp\/v2\/comments?post=7779"}],"version-history":[{"count":1,"href":"https:\/\/cidadebaixaonline.com.br\/index.php\/wp-json\/wp\/v2\/posts\/7779\/revisions"}],"predecessor-version":[{"id":7781,"href":"https:\/\/cidadebaixaonline.com.br\/index.php\/wp-json\/wp\/v2\/posts\/7779\/revisions\/7781"}],"wp:featuredmedia":[{"embeddable":true,"href":"https:\/\/cidadebaixaonline.com.br\/index.php\/wp-json\/wp\/v2\/media\/7780"}],"wp:attachment":[{"href":"https:\/\/cidadebaixaonline.com.br\/index.php\/wp-json\/wp\/v2\/media?parent=7779"}],"wp:term":[{"taxonomy":"category","embeddable":true,"href":"https:\/\/cidadebaixaonline.com.br\/index.php\/wp-json\/wp\/v2\/categories?post=7779"},{"taxonomy":"post_tag","embeddable":true,"href":"https:\/\/cidadebaixaonline.com.br\/index.php\/wp-json\/wp\/v2\/tags?post=7779"}],"curies":[{"name":"wp","href":"https:\/\/api.w.org\/{rel}","templated":true}]}}