{"id":7776,"date":"2024-01-30T10:23:53","date_gmt":"2024-01-30T13:23:53","guid":{"rendered":"https:\/\/cidadebaixaonline.com.br\/?p=7776"},"modified":"2024-01-30T10:23:55","modified_gmt":"2024-01-30T13:23:55","slug":"tj-ba-define-nesta-segunda-se-iuri-sheik-vai-a-juri-popular","status":"publish","type":"post","link":"https:\/\/cidadebaixaonline.com.br\/index.php\/2024\/01\/30\/tj-ba-define-nesta-segunda-se-iuri-sheik-vai-a-juri-popular\/","title":{"rendered":"TJ-BA define nesta segunda se Iuri Sheik vai a j\u00fari popular"},"content":{"rendered":"\n<p>O digital influencer Iuri Santos Abra\u00e3o, mais conhecido com Iuri Sheik, ser\u00e1 julgado nesta segunda-feira (29),&nbsp;suspeito de matar, o empres\u00e1rio William Oliveira ap\u00f3s uma discuss\u00e3o durante uma festa de S\u00e3o Jo\u00e3o, em Santo Ant\u00f4nio de Jesus, no dia 23 de junho de 2019.&nbsp;<\/p>\n\n\n\n<p>O juiz da 1\u00aa Vara Criminal da Comarca de Santo Ant\u00f4nio de Jesus, decidiu em outuro de 2022, que o r\u00e9u vai a j\u00fari popular, por\u00e9m, a defesa de Iuri Sheik recorreu da decis\u00e3o.&nbsp;<\/p>\n\n\n\n<p>O advogado representante da fam\u00edlia de William, Wyre Souza, relatou a situa\u00e7\u00e3o. &#8220;Tivemos uma vit\u00f3ria em primeira inst\u00e2ncia, quando o juiz de Santo Ant\u00f4nio de Jesus pronunciou o r\u00e9u a ir a j\u00fari popular, no entanto, a lei abre margem para recursos. Foi o que os advogados dele fizeram: recorreram da decis\u00e3o, levando o caso para a segunda inst\u00e2ncia. Estamos crentes, com base no processo e em todas as testemunhas que foram ouvidas, que a justi\u00e7a tarda, mas n\u00e3o falha, e que ele ir\u00e1 a j\u00fari popular logo mais\u201d.<\/p>\n\n\n\n<p>Diante disso, o Tribunal de Justi\u00e7a da Bahia decidir\u00e1 nesta segunda-feira (29),&nbsp;&nbsp;se mant\u00e9m a decis\u00e3o da 1\u00aa Vara Criminal da Comarca de Santo Ant\u00f4nio de Jesus e Iuri vai \u00e0 j\u00fari popular ou n\u00e3o. &nbsp;<\/p>\n\n\n\n<p>Fonte: Varela Net <\/p>\n","protected":false},"excerpt":{"rendered":"<p>O digital influencer Iuri Santos Abra\u00e3o, mais conhecido com Iuri Sheik, ser\u00e1 julgado nesta segunda-feira (29),&nbsp;suspeito de matar, o empres\u00e1rio William Oliveira ap\u00f3s uma discuss\u00e3o durante uma festa de S\u00e3o Jo\u00e3o, em Santo Ant\u00f4nio de Jesus, no dia 23 de junho de 2019.&nbsp; O juiz da 1\u00aa Vara Criminal da Comarca de Santo Ant\u00f4nio de [&hellip;]<\/p>\n","protected":false},"author":2,"featured_media":7777,"comment_status":"open","ping_status":"open","sticky":false,"template":"","format":"standard","meta":{"jnews-multi-image_gallery":[],"jnews_single_post":{"subtitle":"","format":"standard","video":"","gallery":"","source_name":"","source_url":"","via_name":"","via_url":"","override_template":"0","override":[{"template":"1","single_blog_custom":"","parallax":"1","fullscreen":"1","layout":"right-sidebar","sidebar":"default-sidebar","second_sidebar":"default-sidebar","sticky_sidebar":"1","share_position":"top","share_float_style":"share-monocrhome","show_share_counter":"0","show_view_counter":"0","show_featured":"1","show_post_meta":"1","show_post_author":"0","show_post_author_image":"1","show_post_date":"1","post_date_format":"default","post_date_format_custom":"Y\/m\/d","show_post_category":"1","show_post_reading_time":"0","post_reading_time_wpm":"300","show_zoom_button":"0","zoom_button_out_step":"2","zoom_button_in_step":"3","show_post_tag":"1","show_prev_next_post":"1","show_popup_post":"1","number_popup_post":"1","show_author_box":"0","show_post_related":"0","show_inline_post_related":"0"}],"override_image_size":"0","image_override":[{"single_post_thumbnail_size":"no-crop","single_post_gallery_size":"crop-715"}],"trending_post":"0","trending_post_position":"meta","trending_post_label":"Trending","sponsored_post":"0","sponsored_post_label":"Sponsored by","sponsored_post_name":"","sponsored_post_url":"","sponsored_post_logo_enable":"0","sponsored_post_logo":"","sponsored_post_desc":"","disable_ad":"0"},"jnews_primary_category":{"id":"","hide":""},"footnotes":""},"categories":[107],"tags":[],"class_list":["post-7776","post","type-post","status-publish","format-standard","has-post-thumbnail","hentry","category-justica"],"_links":{"self":[{"href":"https:\/\/cidadebaixaonline.com.br\/index.php\/wp-json\/wp\/v2\/posts\/7776","targetHints":{"allow":["GET"]}}],"collection":[{"href":"https:\/\/cidadebaixaonline.com.br\/index.php\/wp-json\/wp\/v2\/posts"}],"about":[{"href":"https:\/\/cidadebaixaonline.com.br\/index.php\/wp-json\/wp\/v2\/types\/post"}],"author":[{"embeddable":true,"href":"https:\/\/cidadebaixaonline.com.br\/index.php\/wp-json\/wp\/v2\/users\/2"}],"replies":[{"embeddable":true,"href":"https:\/\/cidadebaixaonline.com.br\/index.php\/wp-json\/wp\/v2\/comments?post=7776"}],"version-history":[{"count":1,"href":"https:\/\/cidadebaixaonline.com.br\/index.php\/wp-json\/wp\/v2\/posts\/7776\/revisions"}],"predecessor-version":[{"id":7778,"href":"https:\/\/cidadebaixaonline.com.br\/index.php\/wp-json\/wp\/v2\/posts\/7776\/revisions\/7778"}],"wp:featuredmedia":[{"embeddable":true,"href":"https:\/\/cidadebaixaonline.com.br\/index.php\/wp-json\/wp\/v2\/media\/7777"}],"wp:attachment":[{"href":"https:\/\/cidadebaixaonline.com.br\/index.php\/wp-json\/wp\/v2\/media?parent=7776"}],"wp:term":[{"taxonomy":"category","embeddable":true,"href":"https:\/\/cidadebaixaonline.com.br\/index.php\/wp-json\/wp\/v2\/categories?post=7776"},{"taxonomy":"post_tag","embeddable":true,"href":"https:\/\/cidadebaixaonline.com.br\/index.php\/wp-json\/wp\/v2\/tags?post=7776"}],"curies":[{"name":"wp","href":"https:\/\/api.w.org\/{rel}","templated":true}]}}