{"id":7710,"date":"2024-01-26T10:34:10","date_gmt":"2024-01-26T13:34:10","guid":{"rendered":"https:\/\/cidadebaixaonline.com.br\/?p=7710"},"modified":"2024-01-26T10:34:11","modified_gmt":"2024-01-26T13:34:11","slug":"prefeitura-inicia-requalificacao-da-escola-municipal-alvaro-vasconcelos-da-rocha","status":"publish","type":"post","link":"https:\/\/cidadebaixaonline.com.br\/index.php\/2024\/01\/26\/prefeitura-inicia-requalificacao-da-escola-municipal-alvaro-vasconcelos-da-rocha\/","title":{"rendered":"Prefeitura inicia requalifica\u00e7\u00e3o da Escola Municipal \u00c1lvaro Vasconcelos da Rocha"},"content":{"rendered":"\n<p>Nesta quinta-feira (25) foi assinada a autoriza\u00e7\u00e3o para a reconstru\u00e7\u00e3o da Escola Municipal \u00c1lvaro Vasconcelos da Rocha, na Travessa 2 de Julho, &nbsp;pelo prefeito de Salvador, Bruno Reis.&nbsp;<\/p>\n\n\n\n<p>\u201cEssas imagens, que agora ficar\u00e3o no passado, eram de uma escola que s\u00f3 atendia a 200 alunos. Era um sonho que tiv\u00e9ssemos aqui uma unidade com o padr\u00e3o de qualidade da melhor Prefeitura de todo o Brasil. Vamos ter 600% de aumento na oferta de vagas para atender as crian\u00e7as da comunidade. \u201d, comentou &nbsp;Bruno Reis, que alegou que gostaria de fazer da capital baiana refer\u00eancia de educa\u00e7\u00e3o no pa\u00eds.&nbsp;<\/p>\n\n\n\n<p>Segundo o portal de not\u00edcias oficial da prefeitura, atualmente s\u00e3o 26 obras de escolas em andamento e o objetivo da administra\u00e7\u00e3o \u00e9 entregar 51 obras j\u00e1 iniciadas neste ano de 2024. A reconstru\u00e7\u00e3o do \u00c1lvaro marca o in\u00edcio da 5\u00aa obra, e teve o investimento de 14,8 milh\u00f5es de reais, e ter\u00e1 a capacidade de ter 1,4 mil alunos.&nbsp;<\/p>\n\n\n\n<p>\u201cPrecisamos de uma escola de qualidade e adequada aos nossos alunos. Este momento \u00e9 \u00edmpar para n\u00f3s. J\u00e1 havia este movimento de reconstru\u00e7\u00e3o quando eu cheguei aqui e agora estamos vendo isso acontecer. \u00c9 uma alegria porque nossa comunidade ter\u00e1 uma escola nova e temos um misto de sentimentos nesse momento. \u00c9 importante que todos preservem esse novo pr\u00e9dio, que s\u00f3 vem para trazer benef\u00edcios\u201d, Comemorou a diretora da Escola Municipal \u00c1lvaro Vasconcelos da Rocha.<\/p>\n\n\n\n<p>Fonte: Varela Net <\/p>\n","protected":false},"excerpt":{"rendered":"<p>Nesta quinta-feira (25) foi assinada a autoriza\u00e7\u00e3o para a reconstru\u00e7\u00e3o da Escola Municipal \u00c1lvaro Vasconcelos da Rocha, na Travessa 2 de Julho, &nbsp;pelo prefeito de Salvador, Bruno Reis.&nbsp; \u201cEssas imagens, que agora ficar\u00e3o no passado, eram de uma escola que s\u00f3 atendia a 200 alunos. Era um sonho que tiv\u00e9ssemos aqui uma unidade com o [&hellip;]<\/p>\n","protected":false},"author":2,"featured_media":7711,"comment_status":"open","ping_status":"open","sticky":false,"template":"","format":"standard","meta":{"jnews-multi-image_gallery":[],"jnews_single_post":{"subtitle":"","format":"standard","video":"","gallery":"","source_name":"","source_url":"","via_name":"","via_url":"","override_template":"0","override":[{"template":"1","single_blog_custom":"","parallax":"1","fullscreen":"1","layout":"right-sidebar","sidebar":"default-sidebar","second_sidebar":"default-sidebar","sticky_sidebar":"1","share_position":"top","share_float_style":"share-monocrhome","show_share_counter":"0","show_view_counter":"0","show_featured":"1","show_post_meta":"1","show_post_author":"0","show_post_author_image":"1","show_post_date":"1","post_date_format":"default","post_date_format_custom":"Y\/m\/d","show_post_category":"1","show_post_reading_time":"0","post_reading_time_wpm":"300","show_zoom_button":"0","zoom_button_out_step":"2","zoom_button_in_step":"3","show_post_tag":"1","show_prev_next_post":"1","show_popup_post":"1","number_popup_post":"1","show_author_box":"0","show_post_related":"0","show_inline_post_related":"0"}],"override_image_size":"0","image_override":[{"single_post_thumbnail_size":"no-crop","single_post_gallery_size":"crop-715"}],"trending_post":"0","trending_post_position":"meta","trending_post_label":"Trending","sponsored_post":"0","sponsored_post_label":"Sponsored by","sponsored_post_name":"","sponsored_post_url":"","sponsored_post_logo_enable":"0","sponsored_post_logo":"","sponsored_post_desc":"","disable_ad":"0"},"jnews_primary_category":{"id":"","hide":""},"footnotes":""},"categories":[91],"tags":[],"class_list":["post-7710","post","type-post","status-publish","format-standard","has-post-thumbnail","hentry","category-politica"],"_links":{"self":[{"href":"https:\/\/cidadebaixaonline.com.br\/index.php\/wp-json\/wp\/v2\/posts\/7710","targetHints":{"allow":["GET"]}}],"collection":[{"href":"https:\/\/cidadebaixaonline.com.br\/index.php\/wp-json\/wp\/v2\/posts"}],"about":[{"href":"https:\/\/cidadebaixaonline.com.br\/index.php\/wp-json\/wp\/v2\/types\/post"}],"author":[{"embeddable":true,"href":"https:\/\/cidadebaixaonline.com.br\/index.php\/wp-json\/wp\/v2\/users\/2"}],"replies":[{"embeddable":true,"href":"https:\/\/cidadebaixaonline.com.br\/index.php\/wp-json\/wp\/v2\/comments?post=7710"}],"version-history":[{"count":1,"href":"https:\/\/cidadebaixaonline.com.br\/index.php\/wp-json\/wp\/v2\/posts\/7710\/revisions"}],"predecessor-version":[{"id":7712,"href":"https:\/\/cidadebaixaonline.com.br\/index.php\/wp-json\/wp\/v2\/posts\/7710\/revisions\/7712"}],"wp:featuredmedia":[{"embeddable":true,"href":"https:\/\/cidadebaixaonline.com.br\/index.php\/wp-json\/wp\/v2\/media\/7711"}],"wp:attachment":[{"href":"https:\/\/cidadebaixaonline.com.br\/index.php\/wp-json\/wp\/v2\/media?parent=7710"}],"wp:term":[{"taxonomy":"category","embeddable":true,"href":"https:\/\/cidadebaixaonline.com.br\/index.php\/wp-json\/wp\/v2\/categories?post=7710"},{"taxonomy":"post_tag","embeddable":true,"href":"https:\/\/cidadebaixaonline.com.br\/index.php\/wp-json\/wp\/v2\/tags?post=7710"}],"curies":[{"name":"wp","href":"https:\/\/api.w.org\/{rel}","templated":true}]}}