{"id":7707,"date":"2024-01-26T10:26:40","date_gmt":"2024-01-26T13:26:40","guid":{"rendered":"https:\/\/cidadebaixaonline.com.br\/?p=7707"},"modified":"2024-01-26T10:26:42","modified_gmt":"2024-01-26T13:26:42","slug":"salvador-ganha-titulo-de-melhor-destino-criativo-do-mundo","status":"publish","type":"post","link":"https:\/\/cidadebaixaonline.com.br\/index.php\/2024\/01\/26\/salvador-ganha-titulo-de-melhor-destino-criativo-do-mundo\/","title":{"rendered":"Salvador ganha t\u00edtulo de Melhor Destino Criativo do Mundo"},"content":{"rendered":"\n<p>Nesta quinta-feira(25), a cidade de Salvador foi reconhecida como o Melhor Destino Criativo do Mundo, pela Rede Internacional de Turismo Criativo (Creative Tourism Network), que reconhece empresas, projetos e destinos que apostam no turismo criativo.<\/p>\n\n\n\n<p>A capital baiana superou a concorr\u00eancia de outras 92 cidades, recebendo o pr\u00eamio pelo &nbsp;projeto Salvador Capital Afro, tra\u00e7ado pelo Plano de Desenvolvimento do Afroturismo de Salvador da Prefeitura de Salvador com a comunidade negra da capital e que vem sendo implementado desde 2021. A cerim\u00f4nia aconteceu durante a Feira Internacional de Turismo (Fitur) em Madri.<\/p>\n\n\n\n<p>\u201cHoje foi um dia muito importante para Salvador, para o turismo de Salvador, principalmente para o afroturismo da cidade. O t\u00edtulo que ganhamos, dentre as 92 competidoras, foi pelo trabalho do Salvador Capital Afro, o que refor\u00e7a a import\u00e2ncia de investir no afroturismo, de colocar o negro como protagonista do turismo e como o turismo \u00e9 uma importante atividade econ\u00f4mica para a cidade\u201d, afirmou Jamile Machado, coordenacoordenadora de promo\u00e7\u00e3o da Secretaria de Cultura e Turismo de Salvador, que recebeu o pr\u00eamio em nome da cidade.<\/p>\n\n\n\n<p>Fonte: Varela Net <\/p>\n","protected":false},"excerpt":{"rendered":"<p>Nesta quinta-feira(25), a cidade de Salvador foi reconhecida como o Melhor Destino Criativo do Mundo, pela Rede Internacional de Turismo Criativo (Creative Tourism Network), que reconhece empresas, projetos e destinos que apostam no turismo criativo. A capital baiana superou a concorr\u00eancia de outras 92 cidades, recebendo o pr\u00eamio pelo &nbsp;projeto Salvador Capital Afro, tra\u00e7ado pelo [&hellip;]<\/p>\n","protected":false},"author":2,"featured_media":7708,"comment_status":"open","ping_status":"open","sticky":false,"template":"","format":"standard","meta":{"jnews-multi-image_gallery":[],"jnews_single_post":{"subtitle":"","format":"standard","video":"","gallery":"","source_name":"","source_url":"","via_name":"","via_url":"","override_template":"0","override":[{"template":"1","single_blog_custom":"","parallax":"1","fullscreen":"1","layout":"right-sidebar","sidebar":"default-sidebar","second_sidebar":"default-sidebar","sticky_sidebar":"1","share_position":"top","share_float_style":"share-monocrhome","show_share_counter":"0","show_view_counter":"0","show_featured":"1","show_post_meta":"1","show_post_author":"0","show_post_author_image":"1","show_post_date":"1","post_date_format":"default","post_date_format_custom":"Y\/m\/d","show_post_category":"1","show_post_reading_time":"0","post_reading_time_wpm":"300","show_zoom_button":"0","zoom_button_out_step":"2","zoom_button_in_step":"3","show_post_tag":"1","show_prev_next_post":"1","show_popup_post":"1","number_popup_post":"1","show_author_box":"0","show_post_related":"0","show_inline_post_related":"0"}],"override_image_size":"0","image_override":[{"single_post_thumbnail_size":"no-crop","single_post_gallery_size":"crop-715"}],"trending_post":"0","trending_post_position":"meta","trending_post_label":"Trending","sponsored_post":"0","sponsored_post_label":"Sponsored by","sponsored_post_name":"","sponsored_post_url":"","sponsored_post_logo_enable":"0","sponsored_post_logo":"","sponsored_post_desc":"","disable_ad":"0"},"jnews_primary_category":{"id":"","hide":""},"footnotes":""},"categories":[85],"tags":[],"class_list":["post-7707","post","type-post","status-publish","format-standard","has-post-thumbnail","hentry","category-noticias"],"_links":{"self":[{"href":"https:\/\/cidadebaixaonline.com.br\/index.php\/wp-json\/wp\/v2\/posts\/7707","targetHints":{"allow":["GET"]}}],"collection":[{"href":"https:\/\/cidadebaixaonline.com.br\/index.php\/wp-json\/wp\/v2\/posts"}],"about":[{"href":"https:\/\/cidadebaixaonline.com.br\/index.php\/wp-json\/wp\/v2\/types\/post"}],"author":[{"embeddable":true,"href":"https:\/\/cidadebaixaonline.com.br\/index.php\/wp-json\/wp\/v2\/users\/2"}],"replies":[{"embeddable":true,"href":"https:\/\/cidadebaixaonline.com.br\/index.php\/wp-json\/wp\/v2\/comments?post=7707"}],"version-history":[{"count":1,"href":"https:\/\/cidadebaixaonline.com.br\/index.php\/wp-json\/wp\/v2\/posts\/7707\/revisions"}],"predecessor-version":[{"id":7709,"href":"https:\/\/cidadebaixaonline.com.br\/index.php\/wp-json\/wp\/v2\/posts\/7707\/revisions\/7709"}],"wp:featuredmedia":[{"embeddable":true,"href":"https:\/\/cidadebaixaonline.com.br\/index.php\/wp-json\/wp\/v2\/media\/7708"}],"wp:attachment":[{"href":"https:\/\/cidadebaixaonline.com.br\/index.php\/wp-json\/wp\/v2\/media?parent=7707"}],"wp:term":[{"taxonomy":"category","embeddable":true,"href":"https:\/\/cidadebaixaonline.com.br\/index.php\/wp-json\/wp\/v2\/categories?post=7707"},{"taxonomy":"post_tag","embeddable":true,"href":"https:\/\/cidadebaixaonline.com.br\/index.php\/wp-json\/wp\/v2\/tags?post=7707"}],"curies":[{"name":"wp","href":"https:\/\/api.w.org\/{rel}","templated":true}]}}