{"id":7701,"date":"2024-01-25T16:37:54","date_gmt":"2024-01-25T19:37:54","guid":{"rendered":"https:\/\/cidadebaixaonline.com.br\/?p=7701"},"modified":"2024-01-25T16:37:56","modified_gmt":"2024-01-25T19:37:56","slug":"trio-da-cultura-reune-margareth-menezes-gilberto-gil-e-chico-cesar-no-carnaval-de-salvador","status":"publish","type":"post","link":"https:\/\/cidadebaixaonline.com.br\/index.php\/2024\/01\/25\/trio-da-cultura-reune-margareth-menezes-gilberto-gil-e-chico-cesar-no-carnaval-de-salvador\/","title":{"rendered":"Trio da Cultura re\u00fane Margareth Menezes, Gilberto Gil e Chico C\u00e9sar no Carnaval de Salvador"},"content":{"rendered":"\n<p>Margareth Menezes, Gilberto Gil e Chico C\u00e9sar se unem no &#8220;Trio da Cultura&#8221;, projeto in\u00e9dito que estrear\u00e1 no Carnaval de Salvador no dia 10 de fevereiro. O desfile, no circuito Barra &#8211; Ondina, ter\u00e1 sa\u00edda \u00e0s 20h, aberto ao p\u00fablico e sem cordas.<\/p>\n\n\n\n<p>Margareth lidera o trio, recebendo Chico e convidando Gil para uma homenagem especial no Farol da Barra. O desfile vai al\u00e9m da m\u00fasica, celebrando express\u00f5es culturais como blocos afros, baianas, boi-bumb\u00e1, capoeira e bal\u00e9 folcl\u00f3rico.<\/p>\n\n\n\n<p>A ministra da cultura destaca a alegria de retomar sua presen\u00e7a art\u00edstica no Carnaval, especialmente ao lado de grandes nomes da m\u00fasica brasileira. O projeto tamb\u00e9m visa homenagear Gil, reconhecendo o legado dos tr\u00eas artistas nas pol\u00edticas p\u00fablicas culturais do Brasil.<\/p>\n\n\n\n<p>O Trio da Cultura tem a identidade visual assinada por Oskar Metsavaht, Fundador e Diretor Criativo da Osklen, com o patroc\u00ednio da TIM.<\/p>\n\n\n\n<p>Fonte: Bahia Not\u00edcias <\/p>\n","protected":false},"excerpt":{"rendered":"<p>Margareth Menezes, Gilberto Gil e Chico C\u00e9sar se unem no &#8220;Trio da Cultura&#8221;, projeto in\u00e9dito que estrear\u00e1 no Carnaval de Salvador no dia 10 de fevereiro. O desfile, no circuito Barra &#8211; Ondina, ter\u00e1 sa\u00edda \u00e0s 20h, aberto ao p\u00fablico e sem cordas. Margareth lidera o trio, recebendo Chico e convidando Gil para uma homenagem [&hellip;]<\/p>\n","protected":false},"author":2,"featured_media":7702,"comment_status":"open","ping_status":"open","sticky":false,"template":"","format":"standard","meta":{"jnews-multi-image_gallery":[],"jnews_single_post":{"subtitle":"","format":"standard","video":"","gallery":"","source_name":"","source_url":"","via_name":"","via_url":"","override_template":"0","override":[{"template":"1","single_blog_custom":"","parallax":"1","fullscreen":"1","layout":"right-sidebar","sidebar":"default-sidebar","second_sidebar":"default-sidebar","sticky_sidebar":"1","share_position":"top","share_float_style":"share-monocrhome","show_share_counter":"0","show_view_counter":"0","show_featured":"1","show_post_meta":"1","show_post_author":"0","show_post_author_image":"1","show_post_date":"1","post_date_format":"default","post_date_format_custom":"Y\/m\/d","show_post_category":"1","show_post_reading_time":"0","post_reading_time_wpm":"300","show_zoom_button":"0","zoom_button_out_step":"2","zoom_button_in_step":"3","show_post_tag":"1","show_prev_next_post":"1","show_popup_post":"1","number_popup_post":"1","show_author_box":"0","show_post_related":"0","show_inline_post_related":"0"}],"override_image_size":"0","image_override":[{"single_post_thumbnail_size":"no-crop","single_post_gallery_size":"crop-715"}],"trending_post":"0","trending_post_position":"meta","trending_post_label":"Trending","sponsored_post":"0","sponsored_post_label":"Sponsored by","sponsored_post_name":"","sponsored_post_url":"","sponsored_post_logo_enable":"0","sponsored_post_logo":"","sponsored_post_desc":"","disable_ad":"0"},"jnews_primary_category":{"id":"","hide":""},"footnotes":""},"categories":[96,93],"tags":[],"class_list":["post-7701","post","type-post","status-publish","format-standard","has-post-thumbnail","hentry","category-cultura","category-entretenimento"],"_links":{"self":[{"href":"https:\/\/cidadebaixaonline.com.br\/index.php\/wp-json\/wp\/v2\/posts\/7701","targetHints":{"allow":["GET"]}}],"collection":[{"href":"https:\/\/cidadebaixaonline.com.br\/index.php\/wp-json\/wp\/v2\/posts"}],"about":[{"href":"https:\/\/cidadebaixaonline.com.br\/index.php\/wp-json\/wp\/v2\/types\/post"}],"author":[{"embeddable":true,"href":"https:\/\/cidadebaixaonline.com.br\/index.php\/wp-json\/wp\/v2\/users\/2"}],"replies":[{"embeddable":true,"href":"https:\/\/cidadebaixaonline.com.br\/index.php\/wp-json\/wp\/v2\/comments?post=7701"}],"version-history":[{"count":1,"href":"https:\/\/cidadebaixaonline.com.br\/index.php\/wp-json\/wp\/v2\/posts\/7701\/revisions"}],"predecessor-version":[{"id":7703,"href":"https:\/\/cidadebaixaonline.com.br\/index.php\/wp-json\/wp\/v2\/posts\/7701\/revisions\/7703"}],"wp:featuredmedia":[{"embeddable":true,"href":"https:\/\/cidadebaixaonline.com.br\/index.php\/wp-json\/wp\/v2\/media\/7702"}],"wp:attachment":[{"href":"https:\/\/cidadebaixaonline.com.br\/index.php\/wp-json\/wp\/v2\/media?parent=7701"}],"wp:term":[{"taxonomy":"category","embeddable":true,"href":"https:\/\/cidadebaixaonline.com.br\/index.php\/wp-json\/wp\/v2\/categories?post=7701"},{"taxonomy":"post_tag","embeddable":true,"href":"https:\/\/cidadebaixaonline.com.br\/index.php\/wp-json\/wp\/v2\/tags?post=7701"}],"curies":[{"name":"wp","href":"https:\/\/api.w.org\/{rel}","templated":true}]}}