{"id":7695,"date":"2024-01-25T16:19:31","date_gmt":"2024-01-25T19:19:31","guid":{"rendered":"https:\/\/cidadebaixaonline.com.br\/?p=7695"},"modified":"2024-01-25T16:19:33","modified_gmt":"2024-01-25T19:19:33","slug":"mercado-livre-de-energia-ja-conta-com-mais-de-3-mil-consumidores","status":"publish","type":"post","link":"https:\/\/cidadebaixaonline.com.br\/index.php\/2024\/01\/25\/mercado-livre-de-energia-ja-conta-com-mais-de-3-mil-consumidores\/","title":{"rendered":"Mercado livre de energia j\u00e1 conta com mais de 3 mil consumidores"},"content":{"rendered":"\n<p>Desde o in\u00edcio do ano mais de 3 mil consumidores j\u00e1 notificaram o encerramento dos contratos com distribuidoras de energia el\u00e9trica para migrar para o mercado livre de energia. Esse \u00e9 o primeiro m\u00eas de vig\u00eancia da abertura desse modelo para consumidores do grupo A, de m\u00e9dia e alta tens\u00e3o, que passaram a ter essa op\u00e7\u00e3o, j\u00e1 dispon\u00edvel para as grandes ind\u00fastrias.<\/p>\n\n\n\n<p>A mudan\u00e7a pode baratear as contas de energia dessas empresas em torno de 20%. Marcelo Loureiro, conselheiro da C\u00e2mara de Comercializa\u00e7\u00e3o de Energia El\u00e9trica, que integra geradores, distribuidores, comercializadores e consumidores de energia el\u00e9trica no pa\u00eds, afirma que o potencial de novos neg\u00f3cios que podem se beneficiar do mercado livre de energia \u00e9 enorme.<\/p>\n\n\n\n<p>\u201cMais de 12 mil pequenas empresas e m\u00e9dias empresas j\u00e1 demonstraram interesse de ingressar no ambiente livre para todos os meses de 2024. Estimamos que, ao todo, teremos algo entre 20 e 24 mil empresas aderindo. Para ter no\u00e7\u00e3o do que representa tal volume, atualmente temos 38 mil unidades consumidoras que j\u00e1 est\u00e3o no segmento livre. Isso significa que a quantidade de aderentes possa aumentar esse n\u00famero em at\u00e9 50% s\u00f3 neste ano.\u201d<\/p>\n\n\n\n<p>De acordo com portaria do Minist\u00e9rio de Minas e Energia, os consumidores dever\u00e3o escolher um comercializador varejista habilitado na C\u00e2mara de Comercializa\u00e7\u00e3o de Energia El\u00e9trica. Mais de 100 agentes varejistas j\u00e1 est\u00e3o habilitados.<\/p>\n\n\n\n<p>Ao ingressar no mercado livre de energia, os consumidores continuam vinculados \u00e0s distribuidoras, que \u00e9 quem disp\u00f5e da rede por onde a energia passa. Mas podem escolher o fornecedor, assim como tempo de contrato, pre\u00e7o, tipo de energia, optando, por exemplo, por fontes de energias renov\u00e1veis.<\/p>\n\n\n\n<p>Dante Beneveni, Ceo da Urca Trading, empresa do Grupo Urca Energia, uma das empresas comercializadoras habilitadas para atuar no mercado livre de energia diz que a redu\u00e7\u00e3o de custos pode chegar a tr\u00eas faturas por ano. E cita outros benef\u00edcios.<\/p>\n\n\n\n<p>\u201cPoder de escolha, possibilidade de ter mais op\u00e7oes de fornecedor de energia e n\u00e3o ficar restrito \u00e0quela distribuidora onde est\u00e1 conectado. E produtos, com a possibilidade de diversifica\u00e7\u00e3o, seja falando s\u00f3 em energia, produto com desconto garantido ou com pre\u00e7o fixo, ele [consumidor] podendo escolher entre custo e benef\u00edcios, com a populariza\u00e7\u00e3o da energia do mercado livre, iniciando com o atacarejo e depois indo para o varejo de fato. Assim como aconteceu l\u00e1 fora, a tend\u00eancia \u00e9 que esse produto de energia venha para o mercado com novos produtos.\u201d\u00a0A medida deve beneficiar ind\u00fastrias e servi\u00e7os de pequeno e m\u00e9dio porte. S\u00e3o supermercados, padarias, redes de postos de combust\u00edveis e outros neg\u00f3cios que estejam no grupo A de consumo. Essa informa\u00e7\u00e3o pode ser conferida na conta de energia.<\/p>\n\n\n\n<p>Fonte: Bahia.Ba <\/p>\n","protected":false},"excerpt":{"rendered":"<p>Desde o in\u00edcio do ano mais de 3 mil consumidores j\u00e1 notificaram o encerramento dos contratos com distribuidoras de energia el\u00e9trica para migrar para o mercado livre de energia. Esse \u00e9 o primeiro m\u00eas de vig\u00eancia da abertura desse modelo para consumidores do grupo A, de m\u00e9dia e alta tens\u00e3o, que passaram a ter essa [&hellip;]<\/p>\n","protected":false},"author":2,"featured_media":7696,"comment_status":"open","ping_status":"open","sticky":false,"template":"","format":"standard","meta":{"jnews-multi-image_gallery":[],"jnews_single_post":{"subtitle":"","format":"standard","video":"","gallery":"","source_name":"","source_url":"","via_name":"","via_url":"","override_template":"0","override":[{"template":"1","single_blog_custom":"","parallax":"1","fullscreen":"1","layout":"right-sidebar","sidebar":"default-sidebar","second_sidebar":"default-sidebar","sticky_sidebar":"1","share_position":"top","share_float_style":"share-monocrhome","show_share_counter":"0","show_view_counter":"0","show_featured":"1","show_post_meta":"1","show_post_author":"0","show_post_author_image":"1","show_post_date":"1","post_date_format":"default","post_date_format_custom":"Y\/m\/d","show_post_category":"1","show_post_reading_time":"0","post_reading_time_wpm":"300","show_zoom_button":"0","zoom_button_out_step":"2","zoom_button_in_step":"3","show_post_tag":"1","show_prev_next_post":"1","show_popup_post":"1","number_popup_post":"1","show_author_box":"0","show_post_related":"0","show_inline_post_related":"0"}],"override_image_size":"0","image_override":[{"single_post_thumbnail_size":"no-crop","single_post_gallery_size":"crop-715"}],"trending_post":"0","trending_post_position":"meta","trending_post_label":"Trending","sponsored_post":"0","sponsored_post_label":"Sponsored by","sponsored_post_name":"","sponsored_post_url":"","sponsored_post_logo_enable":"0","sponsored_post_logo":"","sponsored_post_desc":"","disable_ad":"0"},"jnews_primary_category":{"id":"","hide":""},"footnotes":""},"categories":[92],"tags":[],"class_list":["post-7695","post","type-post","status-publish","format-standard","has-post-thumbnail","hentry","category-economia"],"_links":{"self":[{"href":"https:\/\/cidadebaixaonline.com.br\/index.php\/wp-json\/wp\/v2\/posts\/7695","targetHints":{"allow":["GET"]}}],"collection":[{"href":"https:\/\/cidadebaixaonline.com.br\/index.php\/wp-json\/wp\/v2\/posts"}],"about":[{"href":"https:\/\/cidadebaixaonline.com.br\/index.php\/wp-json\/wp\/v2\/types\/post"}],"author":[{"embeddable":true,"href":"https:\/\/cidadebaixaonline.com.br\/index.php\/wp-json\/wp\/v2\/users\/2"}],"replies":[{"embeddable":true,"href":"https:\/\/cidadebaixaonline.com.br\/index.php\/wp-json\/wp\/v2\/comments?post=7695"}],"version-history":[{"count":1,"href":"https:\/\/cidadebaixaonline.com.br\/index.php\/wp-json\/wp\/v2\/posts\/7695\/revisions"}],"predecessor-version":[{"id":7697,"href":"https:\/\/cidadebaixaonline.com.br\/index.php\/wp-json\/wp\/v2\/posts\/7695\/revisions\/7697"}],"wp:featuredmedia":[{"embeddable":true,"href":"https:\/\/cidadebaixaonline.com.br\/index.php\/wp-json\/wp\/v2\/media\/7696"}],"wp:attachment":[{"href":"https:\/\/cidadebaixaonline.com.br\/index.php\/wp-json\/wp\/v2\/media?parent=7695"}],"wp:term":[{"taxonomy":"category","embeddable":true,"href":"https:\/\/cidadebaixaonline.com.br\/index.php\/wp-json\/wp\/v2\/categories?post=7695"},{"taxonomy":"post_tag","embeddable":true,"href":"https:\/\/cidadebaixaonline.com.br\/index.php\/wp-json\/wp\/v2\/tags?post=7695"}],"curies":[{"name":"wp","href":"https:\/\/api.w.org\/{rel}","templated":true}]}}