{"id":7692,"date":"2024-01-25T15:51:41","date_gmt":"2024-01-25T18:51:41","guid":{"rendered":"https:\/\/cidadebaixaonline.com.br\/?p=7692"},"modified":"2024-01-25T15:51:42","modified_gmt":"2024-01-25T18:51:42","slug":"homem-de-61-anos-morre-em-acidente-entre-motocicleta-e-caminhao-no-vale-do-jiquirica","status":"publish","type":"post","link":"https:\/\/cidadebaixaonline.com.br\/index.php\/2024\/01\/25\/homem-de-61-anos-morre-em-acidente-entre-motocicleta-e-caminhao-no-vale-do-jiquirica\/","title":{"rendered":"Homem de 61 anos morre em acidente entre motocicleta e caminh\u00e3o no Vale do Jiquiri\u00e7\u00e1"},"content":{"rendered":"\n<p>Mais um acidente foi registrado na BR-116 trecho de Jaguaquara. Na tarde de quarta-feira (24), um \u00f4nibus de turismo colidiu com uma carreta. J\u00e1 durante a noite, na altura do KM 634, trecho urbano do distrito Stela Dubois, no Vale do Jiquiri\u00e7\u00e1, um homem de 61 anos morreu ao colidir a motocicleta que pilotava com um caminh\u00e3o.<\/p>\n\n\n\n<p>De acordo com informa\u00e7\u00f5es do Blog do Frahm, parceiro do Acorda Cidade, o acidente aconteceu por volta das 22h30 entre uma moto Honda CG de cor azul e caminh\u00e3o Volkswagen de cor vermelha que transportava um carregamento de sal com destino a Irec\u00ea. Chovia no momento do acidente. <\/p>\n\n\n\n<figure class=\"wp-block-image\"><img decoding=\"async\" src=\"https:\/\/imagens.acordacidade.com.br\/wp-content\/uploads\/2024\/01\/25144406\/Homem-de-31-anos-morrem-em-acidente-na-BR116-Foto-Blog-do-Marcos-Frahm.jpg2_.jpg\" alt=\"RG v\u00edtima de acidente\" class=\"wp-image-357145\"\/><figcaption class=\"wp-element-caption\">Foto: Blog do Marcos Frahm<\/figcaption><\/figure>\n\n\n\n<p>O motorista, que permaneceu no local, alegou que a moto teria invadido a pista contr\u00e1ria, e que tentou desviar, mas n\u00e3o conseguiu. O condutor da motocicleta, identificado como Jaime Borges Pires, era natural de Marac\u00e1s. O corpo de Jaime foi removido no final da noite e encaminhado ao Instituto M\u00e9dico Legal de Jequi\u00e9.<\/p>\n\n\n\n<p>Fonte: Acorda Cidade <\/p>\n","protected":false},"excerpt":{"rendered":"<p>Mais um acidente foi registrado na BR-116 trecho de Jaguaquara. Na tarde de quarta-feira (24), um \u00f4nibus de turismo colidiu com uma carreta. J\u00e1 durante a noite, na altura do KM 634, trecho urbano do distrito Stela Dubois, no Vale do Jiquiri\u00e7\u00e1, um homem de 61 anos morreu ao colidir a motocicleta que pilotava com [&hellip;]<\/p>\n","protected":false},"author":2,"featured_media":7693,"comment_status":"open","ping_status":"open","sticky":false,"template":"","format":"standard","meta":{"jnews-multi-image_gallery":[],"jnews_single_post":{"subtitle":"","format":"standard","video":"","gallery":"","source_name":"","source_url":"","via_name":"","via_url":"","override_template":"0","override":[{"template":"1","single_blog_custom":"","parallax":"1","fullscreen":"1","layout":"right-sidebar","sidebar":"default-sidebar","second_sidebar":"default-sidebar","sticky_sidebar":"1","share_position":"top","share_float_style":"share-monocrhome","show_share_counter":"0","show_view_counter":"0","show_featured":"1","show_post_meta":"1","show_post_author":"0","show_post_author_image":"1","show_post_date":"1","post_date_format":"default","post_date_format_custom":"Y\/m\/d","show_post_category":"1","show_post_reading_time":"0","post_reading_time_wpm":"300","show_zoom_button":"0","zoom_button_out_step":"2","zoom_button_in_step":"3","show_post_tag":"1","show_prev_next_post":"1","show_popup_post":"1","number_popup_post":"1","show_author_box":"0","show_post_related":"0","show_inline_post_related":"0"}],"override_image_size":"0","image_override":[{"single_post_thumbnail_size":"no-crop","single_post_gallery_size":"crop-715"}],"trending_post":"0","trending_post_position":"meta","trending_post_label":"Trending","sponsored_post":"0","sponsored_post_label":"Sponsored by","sponsored_post_name":"","sponsored_post_url":"","sponsored_post_logo_enable":"0","sponsored_post_logo":"","sponsored_post_desc":"","disable_ad":"0"},"jnews_primary_category":{"id":"","hide":""},"footnotes":""},"categories":[85],"tags":[],"class_list":["post-7692","post","type-post","status-publish","format-standard","has-post-thumbnail","hentry","category-noticias"],"_links":{"self":[{"href":"https:\/\/cidadebaixaonline.com.br\/index.php\/wp-json\/wp\/v2\/posts\/7692","targetHints":{"allow":["GET"]}}],"collection":[{"href":"https:\/\/cidadebaixaonline.com.br\/index.php\/wp-json\/wp\/v2\/posts"}],"about":[{"href":"https:\/\/cidadebaixaonline.com.br\/index.php\/wp-json\/wp\/v2\/types\/post"}],"author":[{"embeddable":true,"href":"https:\/\/cidadebaixaonline.com.br\/index.php\/wp-json\/wp\/v2\/users\/2"}],"replies":[{"embeddable":true,"href":"https:\/\/cidadebaixaonline.com.br\/index.php\/wp-json\/wp\/v2\/comments?post=7692"}],"version-history":[{"count":1,"href":"https:\/\/cidadebaixaonline.com.br\/index.php\/wp-json\/wp\/v2\/posts\/7692\/revisions"}],"predecessor-version":[{"id":7694,"href":"https:\/\/cidadebaixaonline.com.br\/index.php\/wp-json\/wp\/v2\/posts\/7692\/revisions\/7694"}],"wp:featuredmedia":[{"embeddable":true,"href":"https:\/\/cidadebaixaonline.com.br\/index.php\/wp-json\/wp\/v2\/media\/7693"}],"wp:attachment":[{"href":"https:\/\/cidadebaixaonline.com.br\/index.php\/wp-json\/wp\/v2\/media?parent=7692"}],"wp:term":[{"taxonomy":"category","embeddable":true,"href":"https:\/\/cidadebaixaonline.com.br\/index.php\/wp-json\/wp\/v2\/categories?post=7692"},{"taxonomy":"post_tag","embeddable":true,"href":"https:\/\/cidadebaixaonline.com.br\/index.php\/wp-json\/wp\/v2\/tags?post=7692"}],"curies":[{"name":"wp","href":"https:\/\/api.w.org\/{rel}","templated":true}]}}