{"id":7686,"date":"2024-01-25T15:17:44","date_gmt":"2024-01-25T18:17:44","guid":{"rendered":"https:\/\/cidadebaixaonline.com.br\/?p=7686"},"modified":"2024-01-25T15:17:46","modified_gmt":"2024-01-25T18:17:46","slug":"montadoras-de-automoveis-anunciam-r-10-bi-de-investimentos-no-brasil","status":"publish","type":"post","link":"https:\/\/cidadebaixaonline.com.br\/index.php\/2024\/01\/25\/montadoras-de-automoveis-anunciam-r-10-bi-de-investimentos-no-brasil\/","title":{"rendered":"Montadoras de autom\u00f3veis anunciam R$ 10 bi de investimentos no Brasil"},"content":{"rendered":"\n<p>O presidente Luiz In\u00e1cio Lula da Silva recebeu nesta quarta-feira (24), em Bras\u00edlia, representantes de duas multinacionais fabricantes de autom\u00f3veis. Ambas anunciaram investimentos que chegam a R$ 10 bilh\u00f5es nos pr\u00f3ximos anos.<\/p>\n\n\n\n<p>No primeiro encontro, no Pal\u00e1cio da Alvorada, resid\u00eancia oficial, Lula recebeu representantes da companhia chinesa BYD, que produz carros el\u00e9tricos. A empresa assumiu a planta industrial da Ford em Cama\u00e7ari, na Bahia, onde pretende investir R$ 3 bilh\u00f5es nos pr\u00f3ximos anos. \u00c9 a primeira f\u00e1brica da gigante asi\u00e1tica nas Am\u00e9ricas. Na ocasi\u00e3o, o presidente recebeu um carro el\u00e9trico da empresa para uso pela Presid\u00eancia da Rep\u00fablica, em regime de comodato (empr\u00e9stimo gratuito).<\/p>\n\n\n\n<p>\u201cEstima-se que ser\u00e3o mais de 10 mil postos de trabalho criados e R$ 3 bilh\u00f5es de investimentos, fomentando a economia local e contribuindo para uma maior produ\u00e7\u00e3o de ve\u00edculos sustent\u00e1veis a partir de energia limpa. O Brasil com mais investimentos construindo o futuro\u201d, destacou Lula em postagem nas redes sociais para divulgar o encontro.<\/p>\n\n\n\n<p>Mais tarde, no Pal\u00e1cio do Planalto, o presidente se encontrou com o presidente da General Motors International, Shilpan Amin, e o presidente da empresa para a Am\u00e9rica do Sul, Santiago Chamorro. Os executivos anunciaram um plano de investimentos da empresa no Brasil, no valor de R$ 7 bilh\u00f5es at\u00e9 2028. A GM \u00e9 propriet\u00e1ria da marca Chevrolet, como \u00e9 chamada no Brasil.<\/p>\n\n\n\n<p>\u201cEsses investimentos v\u00eam em boa hora, com a retomada do crescimento econ\u00f4mico brasileiro com programas como Novo PAC e a Nova Pol\u00edtica Industrial. Reindustrializa\u00e7\u00e3o e compromisso com o desenvolvimento sustent\u00e1vel\u201d, escreveu o presidente nas redes sociais.<\/p>\n\n\n\n<p>Fonte: Ag\u00eancia Brasil<\/p>\n","protected":false},"excerpt":{"rendered":"<p>O presidente Luiz In\u00e1cio Lula da Silva recebeu nesta quarta-feira (24), em Bras\u00edlia, representantes de duas multinacionais fabricantes de autom\u00f3veis. Ambas anunciaram investimentos que chegam a R$ 10 bilh\u00f5es nos pr\u00f3ximos anos. No primeiro encontro, no Pal\u00e1cio da Alvorada, resid\u00eancia oficial, Lula recebeu representantes da companhia chinesa BYD, que produz carros el\u00e9tricos. A empresa assumiu [&hellip;]<\/p>\n","protected":false},"author":2,"featured_media":7687,"comment_status":"open","ping_status":"open","sticky":false,"template":"","format":"standard","meta":{"jnews-multi-image_gallery":[],"jnews_single_post":{"subtitle":"","format":"standard","video":"","gallery":"","source_name":"","source_url":"","via_name":"","via_url":"","override_template":"0","override":[{"template":"1","single_blog_custom":"","parallax":"1","fullscreen":"1","layout":"right-sidebar","sidebar":"default-sidebar","second_sidebar":"default-sidebar","sticky_sidebar":"1","share_position":"top","share_float_style":"share-monocrhome","show_share_counter":"0","show_view_counter":"0","show_featured":"1","show_post_meta":"1","show_post_author":"0","show_post_author_image":"1","show_post_date":"1","post_date_format":"default","post_date_format_custom":"Y\/m\/d","show_post_category":"1","show_post_reading_time":"0","post_reading_time_wpm":"300","show_zoom_button":"0","zoom_button_out_step":"2","zoom_button_in_step":"3","show_post_tag":"1","show_prev_next_post":"1","show_popup_post":"1","number_popup_post":"1","show_author_box":"0","show_post_related":"0","show_inline_post_related":"0"}],"override_image_size":"0","image_override":[{"single_post_thumbnail_size":"no-crop","single_post_gallery_size":"crop-715"}],"trending_post":"0","trending_post_position":"meta","trending_post_label":"Trending","sponsored_post":"0","sponsored_post_label":"Sponsored by","sponsored_post_name":"","sponsored_post_url":"","sponsored_post_logo_enable":"0","sponsored_post_logo":"","sponsored_post_desc":"","disable_ad":"0"},"jnews_primary_category":{"id":"","hide":""},"footnotes":""},"categories":[92],"tags":[],"class_list":["post-7686","post","type-post","status-publish","format-standard","has-post-thumbnail","hentry","category-economia"],"_links":{"self":[{"href":"https:\/\/cidadebaixaonline.com.br\/index.php\/wp-json\/wp\/v2\/posts\/7686","targetHints":{"allow":["GET"]}}],"collection":[{"href":"https:\/\/cidadebaixaonline.com.br\/index.php\/wp-json\/wp\/v2\/posts"}],"about":[{"href":"https:\/\/cidadebaixaonline.com.br\/index.php\/wp-json\/wp\/v2\/types\/post"}],"author":[{"embeddable":true,"href":"https:\/\/cidadebaixaonline.com.br\/index.php\/wp-json\/wp\/v2\/users\/2"}],"replies":[{"embeddable":true,"href":"https:\/\/cidadebaixaonline.com.br\/index.php\/wp-json\/wp\/v2\/comments?post=7686"}],"version-history":[{"count":1,"href":"https:\/\/cidadebaixaonline.com.br\/index.php\/wp-json\/wp\/v2\/posts\/7686\/revisions"}],"predecessor-version":[{"id":7688,"href":"https:\/\/cidadebaixaonline.com.br\/index.php\/wp-json\/wp\/v2\/posts\/7686\/revisions\/7688"}],"wp:featuredmedia":[{"embeddable":true,"href":"https:\/\/cidadebaixaonline.com.br\/index.php\/wp-json\/wp\/v2\/media\/7687"}],"wp:attachment":[{"href":"https:\/\/cidadebaixaonline.com.br\/index.php\/wp-json\/wp\/v2\/media?parent=7686"}],"wp:term":[{"taxonomy":"category","embeddable":true,"href":"https:\/\/cidadebaixaonline.com.br\/index.php\/wp-json\/wp\/v2\/categories?post=7686"},{"taxonomy":"post_tag","embeddable":true,"href":"https:\/\/cidadebaixaonline.com.br\/index.php\/wp-json\/wp\/v2\/tags?post=7686"}],"curies":[{"name":"wp","href":"https:\/\/api.w.org\/{rel}","templated":true}]}}