{"id":7677,"date":"2024-01-25T13:04:10","date_gmt":"2024-01-25T16:04:10","guid":{"rendered":"https:\/\/cidadebaixaonline.com.br\/?p=7677"},"modified":"2024-01-25T13:04:11","modified_gmt":"2024-01-25T16:04:11","slug":"secretario-de-santa-ines-faz-avaliacao-apos-dez-dias-de-festival-de-cultura","status":"publish","type":"post","link":"https:\/\/cidadebaixaonline.com.br\/index.php\/2024\/01\/25\/secretario-de-santa-ines-faz-avaliacao-apos-dez-dias-de-festival-de-cultura\/","title":{"rendered":"Secret\u00e1rio de Santa In\u00eas faz avalia\u00e7\u00e3o ap\u00f3s dez dias de Festival de Cultura"},"content":{"rendered":"\n<p>O secret\u00e1rio de administra\u00e7\u00e3o de\u00a0Santa In\u00eas, no Vale do Jiquiri\u00e7\u00e1, avaliou como positivo o saldo do Festival de Cultura. Segundo Sandro Silva, titular da pasta, o evento superou as expectativas. Silva agradeceu ao prefeito Professor Emerson (PT) bem como \u00e0 parceria com o governo do Estado.<\/p>\n\n\n\n<p>\u201cEsse Festival foi um sucesso, n\u00e3o s\u00f3 nas apresenta\u00e7\u00f5es musicais, com grandes atra\u00e7\u00f5es, mas tamb\u00e9m nas apresenta\u00e7\u00f5es culturais\u2019\u2019, disse ao\u00a0Blog do Marcos Frahm. Na d\u00e9cima edi\u00e7\u00e3o, a festa contou com shows de Z\u00e9 Vaqueiro, Felipe Escandurras, WE, Ricardo Alencar e Uesley Cristien. O secret\u00e1rio ainda destacou o apoio da Sufotur [Superintend\u00eancia de Fomento ao Turismo]. <\/p>\n\n\n\n<p>Com dois palcos montados na Pra\u00e7a Ara\u00fajo Pinho, a festa reuniu cerca de 50 atra\u00e7\u00f5es, como grupos de rodas de samba, reizado, grupos de capoeira, teatro, dan\u00e7a, circo e shows infantis. Ainda segundo o Blog, durante os dez dias de folia, foram registradas tr\u00eas condu\u00e7\u00f5es por vias de fato, cinco furtos de celular, uma les\u00e3o corporal.<\/p>\n\n\n\n<p>O evento se encerrou na madrugada da \u00faltima segunda-feira (22).<\/p>\n\n\n\n<p>Fonte: Bahia Not\u00edcias<\/p>\n","protected":false},"excerpt":{"rendered":"<p>O secret\u00e1rio de administra\u00e7\u00e3o de\u00a0Santa In\u00eas, no Vale do Jiquiri\u00e7\u00e1, avaliou como positivo o saldo do Festival de Cultura. Segundo Sandro Silva, titular da pasta, o evento superou as expectativas. Silva agradeceu ao prefeito Professor Emerson (PT) bem como \u00e0 parceria com o governo do Estado. \u201cEsse Festival foi um sucesso, n\u00e3o s\u00f3 nas apresenta\u00e7\u00f5es [&hellip;]<\/p>\n","protected":false},"author":2,"featured_media":7678,"comment_status":"open","ping_status":"open","sticky":false,"template":"","format":"standard","meta":{"jnews-multi-image_gallery":[],"jnews_single_post":{"subtitle":"","format":"standard","video":"","gallery":"","source_name":"","source_url":"","via_name":"","via_url":"","override_template":"0","override":[{"template":"1","single_blog_custom":"","parallax":"1","fullscreen":"1","layout":"right-sidebar","sidebar":"default-sidebar","second_sidebar":"default-sidebar","sticky_sidebar":"1","share_position":"top","share_float_style":"share-monocrhome","show_share_counter":"0","show_view_counter":"0","show_featured":"1","show_post_meta":"1","show_post_author":"0","show_post_author_image":"1","show_post_date":"1","post_date_format":"default","post_date_format_custom":"Y\/m\/d","show_post_category":"1","show_post_reading_time":"0","post_reading_time_wpm":"300","show_zoom_button":"0","zoom_button_out_step":"2","zoom_button_in_step":"3","show_post_tag":"1","show_prev_next_post":"1","show_popup_post":"1","number_popup_post":"1","show_author_box":"0","show_post_related":"0","show_inline_post_related":"0"}],"override_image_size":"0","image_override":[{"single_post_thumbnail_size":"no-crop","single_post_gallery_size":"crop-715"}],"trending_post":"0","trending_post_position":"meta","trending_post_label":"Trending","sponsored_post":"0","sponsored_post_label":"Sponsored by","sponsored_post_name":"","sponsored_post_url":"","sponsored_post_logo_enable":"0","sponsored_post_logo":"","sponsored_post_desc":"","disable_ad":"0"},"jnews_primary_category":{"id":"","hide":""},"footnotes":""},"categories":[85],"tags":[],"class_list":["post-7677","post","type-post","status-publish","format-standard","has-post-thumbnail","hentry","category-noticias"],"_links":{"self":[{"href":"https:\/\/cidadebaixaonline.com.br\/index.php\/wp-json\/wp\/v2\/posts\/7677","targetHints":{"allow":["GET"]}}],"collection":[{"href":"https:\/\/cidadebaixaonline.com.br\/index.php\/wp-json\/wp\/v2\/posts"}],"about":[{"href":"https:\/\/cidadebaixaonline.com.br\/index.php\/wp-json\/wp\/v2\/types\/post"}],"author":[{"embeddable":true,"href":"https:\/\/cidadebaixaonline.com.br\/index.php\/wp-json\/wp\/v2\/users\/2"}],"replies":[{"embeddable":true,"href":"https:\/\/cidadebaixaonline.com.br\/index.php\/wp-json\/wp\/v2\/comments?post=7677"}],"version-history":[{"count":1,"href":"https:\/\/cidadebaixaonline.com.br\/index.php\/wp-json\/wp\/v2\/posts\/7677\/revisions"}],"predecessor-version":[{"id":7679,"href":"https:\/\/cidadebaixaonline.com.br\/index.php\/wp-json\/wp\/v2\/posts\/7677\/revisions\/7679"}],"wp:featuredmedia":[{"embeddable":true,"href":"https:\/\/cidadebaixaonline.com.br\/index.php\/wp-json\/wp\/v2\/media\/7678"}],"wp:attachment":[{"href":"https:\/\/cidadebaixaonline.com.br\/index.php\/wp-json\/wp\/v2\/media?parent=7677"}],"wp:term":[{"taxonomy":"category","embeddable":true,"href":"https:\/\/cidadebaixaonline.com.br\/index.php\/wp-json\/wp\/v2\/categories?post=7677"},{"taxonomy":"post_tag","embeddable":true,"href":"https:\/\/cidadebaixaonline.com.br\/index.php\/wp-json\/wp\/v2\/tags?post=7677"}],"curies":[{"name":"wp","href":"https:\/\/api.w.org\/{rel}","templated":true}]}}