{"id":7674,"date":"2024-01-25T11:45:59","date_gmt":"2024-01-25T14:45:59","guid":{"rendered":"https:\/\/cidadebaixaonline.com.br\/?p=7674"},"modified":"2024-01-25T11:46:01","modified_gmt":"2024-01-25T14:46:01","slug":"suspeito-de-manter-mae-em-carcere-privado-vai-responder-em-liberdade","status":"publish","type":"post","link":"https:\/\/cidadebaixaonline.com.br\/index.php\/2024\/01\/25\/suspeito-de-manter-mae-em-carcere-privado-vai-responder-em-liberdade\/","title":{"rendered":"Suspeito de manter m\u00e3e em c\u00e1rcere privado vai responder em liberdade"},"content":{"rendered":"\n<p>O homem suspeito de manter a sua m\u00e3e, uma idosa de 81 anos, em c\u00e1rcere privado, em um im\u00f3vel no bairro do Centro, em Salvador, ir\u00e1 responder em liberdade. Ele passou por audi\u00eancia de cust\u00f3dia nesta quinta-feira, 25, dois dias depois de ser preso. Na audi\u00eancia foram ouvidos os representantes do Minist\u00e9rio P\u00fablico, da Defesa, bem como o flagranteado, identificado como Yu Chang. <\/p>\n\n\n\n<p>Ap\u00f3s a audi\u00eancia de cust\u00f3dia, Yu Chang teve concedida a liberdade provis\u00f3ria, mas precisar\u00e1 cumprir medidas cautelares e protetivas, entre elas o uso de tornozeleira eletr\u00f4nica para monitoramento. Em caso de descumprimento dos termos sem um motivo justo, ele voltar\u00e1 a ser preso.<\/p>\n\n\n\n<p>As outras medidas s\u00e3o: comparecimento bimestral em Ju\u00edzo, pelo per\u00edodo de um ano; compromisso de comparecer a todos os atos processuais e manter seu endere\u00e7o atualizado; proibi\u00e7\u00e3o de se aproximar da v\u00edtima, de seus familiares e das testemunhas, fixando o limite de 300 metros; proibi\u00e7\u00e3o de contato com a v\u00edtima, seus familiares e testemunhas, por qualquer meio de comunica\u00e7\u00e3o; proibi\u00e7\u00e3o de frequentar a resid\u00eancia da v\u00edtima, a fim de preservar a integridade f\u00edsica e psicol\u00f3gica desta; acompanhamento psicossocial do agressor, por meio de atendimento.<\/p>\n\n\n\n<p>A v\u00edtima \u00e9 Chang Yang Hsiung Fang. Ela informou que vive somente com o seu filho, que n\u00e3o trabalha &#8220;h\u00e1 muito tempo&#8221; e vive com o seu dinheiro. Yu Chang n\u00e3o deixava os sobrinhos entrarem na casa, sendo que um deles, identificado como Rodrigo mora no mesmo pr\u00e9dio. A idosa tamb\u00e9m relatou sofrer com problemas de sa\u00fade, mas n\u00e3o tem cuidador. Al\u00e9m disso, ela disse querer passar um tempo na casa de seus netos.<\/p>\n\n\n\n<p>Uma testemunha contou que a idosa vive isolada no im\u00f3vel que Yu Chang n\u00e3o deixa ningu\u00e9m entrar. O apartamento \u00e9 sujo, com muita lixeira e a mulher teria alimenta\u00e7\u00e3o prec\u00e1ria.<\/p>\n\n\n\n<p>A pris\u00e3o em flagrante, que aconteceu por volta das 11h de ter\u00e7a-feira, 23, foi resultado da den\u00fancia de uma vizinha. Outros vizinhos disseram que Yu Chang gritava com a m\u00e3o e chegou a dar tapas. O suspeito e a idosa foram encaminhados para a Delegacia Especializada de Atendimento ao Idoso (Deati). Um psic\u00f3logo teria ficado assustado com a situa\u00e7\u00e3o.<\/p>\n\n\n\n<p>De acordo com a delegada Maria Dail, o homem recebia a aposentadoria da m\u00e3e e uma pens\u00e3o do pai, j\u00e1 falecido. \u201cDesempregado h\u00e1 muito tempo, ele ficava fora de casa e deixava a idosa sozinha trancada, sem contato com familiares e vizinhos, totalmente isolada e em condi\u00e7\u00f5es prec\u00e1rias\u201d, detalhou.<\/p>\n\n\n\n<p>Yu Chang, de 56 anos, foi autuado em flagrante, pelos crimes de maus tratos e c\u00e1rcere privado de pessoa aparentada.<\/p>\n\n\n\n<p>Fonte: A Tarde <\/p>\n","protected":false},"excerpt":{"rendered":"<p>O homem suspeito de manter a sua m\u00e3e, uma idosa de 81 anos, em c\u00e1rcere privado, em um im\u00f3vel no bairro do Centro, em Salvador, ir\u00e1 responder em liberdade. Ele passou por audi\u00eancia de cust\u00f3dia nesta quinta-feira, 25, dois dias depois de ser preso. Na audi\u00eancia foram ouvidos os representantes do Minist\u00e9rio P\u00fablico, da Defesa, [&hellip;]<\/p>\n","protected":false},"author":2,"featured_media":7675,"comment_status":"open","ping_status":"open","sticky":false,"template":"","format":"standard","meta":{"jnews-multi-image_gallery":[],"jnews_single_post":{"subtitle":"","format":"standard","video":"","gallery":"","source_name":"","source_url":"","via_name":"","via_url":"","override_template":"0","override":[{"template":"1","single_blog_custom":"","parallax":"1","fullscreen":"1","layout":"right-sidebar","sidebar":"default-sidebar","second_sidebar":"default-sidebar","sticky_sidebar":"1","share_position":"top","share_float_style":"share-monocrhome","show_share_counter":"0","show_view_counter":"0","show_featured":"1","show_post_meta":"1","show_post_author":"0","show_post_author_image":"1","show_post_date":"1","post_date_format":"default","post_date_format_custom":"Y\/m\/d","show_post_category":"1","show_post_reading_time":"0","post_reading_time_wpm":"300","show_zoom_button":"0","zoom_button_out_step":"2","zoom_button_in_step":"3","show_post_tag":"1","show_prev_next_post":"1","show_popup_post":"1","number_popup_post":"1","show_author_box":"0","show_post_related":"0","show_inline_post_related":"0"}],"override_image_size":"0","image_override":[{"single_post_thumbnail_size":"no-crop","single_post_gallery_size":"crop-715"}],"trending_post":"0","trending_post_position":"meta","trending_post_label":"Trending","sponsored_post":"0","sponsored_post_label":"Sponsored by","sponsored_post_name":"","sponsored_post_url":"","sponsored_post_logo_enable":"0","sponsored_post_logo":"","sponsored_post_desc":"","disable_ad":"0"},"jnews_primary_category":{"id":"","hide":""},"footnotes":""},"categories":[85,105],"tags":[],"class_list":["post-7674","post","type-post","status-publish","format-standard","has-post-thumbnail","hentry","category-noticias","category-policia"],"_links":{"self":[{"href":"https:\/\/cidadebaixaonline.com.br\/index.php\/wp-json\/wp\/v2\/posts\/7674","targetHints":{"allow":["GET"]}}],"collection":[{"href":"https:\/\/cidadebaixaonline.com.br\/index.php\/wp-json\/wp\/v2\/posts"}],"about":[{"href":"https:\/\/cidadebaixaonline.com.br\/index.php\/wp-json\/wp\/v2\/types\/post"}],"author":[{"embeddable":true,"href":"https:\/\/cidadebaixaonline.com.br\/index.php\/wp-json\/wp\/v2\/users\/2"}],"replies":[{"embeddable":true,"href":"https:\/\/cidadebaixaonline.com.br\/index.php\/wp-json\/wp\/v2\/comments?post=7674"}],"version-history":[{"count":1,"href":"https:\/\/cidadebaixaonline.com.br\/index.php\/wp-json\/wp\/v2\/posts\/7674\/revisions"}],"predecessor-version":[{"id":7676,"href":"https:\/\/cidadebaixaonline.com.br\/index.php\/wp-json\/wp\/v2\/posts\/7674\/revisions\/7676"}],"wp:featuredmedia":[{"embeddable":true,"href":"https:\/\/cidadebaixaonline.com.br\/index.php\/wp-json\/wp\/v2\/media\/7675"}],"wp:attachment":[{"href":"https:\/\/cidadebaixaonline.com.br\/index.php\/wp-json\/wp\/v2\/media?parent=7674"}],"wp:term":[{"taxonomy":"category","embeddable":true,"href":"https:\/\/cidadebaixaonline.com.br\/index.php\/wp-json\/wp\/v2\/categories?post=7674"},{"taxonomy":"post_tag","embeddable":true,"href":"https:\/\/cidadebaixaonline.com.br\/index.php\/wp-json\/wp\/v2\/tags?post=7674"}],"curies":[{"name":"wp","href":"https:\/\/api.w.org\/{rel}","templated":true}]}}