{"id":7671,"date":"2024-01-25T11:32:50","date_gmt":"2024-01-25T14:32:50","guid":{"rendered":"https:\/\/cidadebaixaonline.com.br\/?p=7671"},"modified":"2024-01-25T11:32:51","modified_gmt":"2024-01-25T14:32:51","slug":"ruas-ficam-interditados-no-comercio-por-risco-de-desabamento-de-predio","status":"publish","type":"post","link":"https:\/\/cidadebaixaonline.com.br\/index.php\/2024\/01\/25\/ruas-ficam-interditados-no-comercio-por-risco-de-desabamento-de-predio\/","title":{"rendered":"Ruas ficam interditados no Com\u00e9rcio por risco de desabamento de pr\u00e9dio"},"content":{"rendered":"\n<p>Um pr\u00e9dio foi interditado pela Defesa Civil de Salvador, nesta quarta-feira, 24, no bairro do Com\u00e9rcio. A Codesal afirmou em nota que o casar\u00e3o localizado em frente \u00e0 Pra\u00e7a Conde dos Arcos precisou ser evacuado ap\u00f3s vistoria realizada em setembro de 2020.<\/p>\n\n\n\n<p>O local, que estava fechado h\u00e1 cerca de tr\u00eas anos, recebeu ontem uma nova visita da Codesal, que contou com ajuda da Transalvador para interditar im\u00f3veis pr\u00f3ximos pelo risco de desabamento. Uma nova avalia\u00e7\u00e3o ser\u00e1 feita nesta quinta-feira, 25, por t\u00e9cnicos do Instituto do Patrim\u00f4nio Hist\u00f3rico e Art\u00edstico Nacional (Iphan).<\/p>\n\n\n\n<p>Ainda segundo a Codesal, &#8220;o respons\u00e1vel pelo estabelecimento foi notificado a suspender as atividades comerciais e evacuar imediatamente o im\u00f3vel at\u00e9 que o risco fosse sanado com a realiza\u00e7\u00e3o de servi\u00e7os de recupera\u00e7\u00e3o e refor\u00e7o estrutural das partes inst\u00e1veis do im\u00f3vel&#8221;. Os tr\u00eas \u00faltimos pavimentos superiores s\u00e3o as partes mais inst\u00e1veis.<\/p>\n\n\n\n<p>&#8220;A solicita\u00e7\u00e3o de inspe\u00e7\u00e3o predial foi encaminhada, ent\u00e3o, \u00e0 Sedur para a\u00e7\u00f5es fiscais pertinentes, dentre outras, interdi\u00e7\u00e3o do restaurante e im\u00f3vel. Por conta de desprendimento de reboco da fachada lateral, a \u00e1rea foi devidamente isolada e o pr\u00e9dio evacuado por conta da atual condi\u00e7\u00e3o de precariedade estrutural interna e inseguran\u00e7a no local&#8221;, disse a Codesal em nota.<\/p>\n\n\n\n<p>Fonte: A Tarde <\/p>\n","protected":false},"excerpt":{"rendered":"<p>Um pr\u00e9dio foi interditado pela Defesa Civil de Salvador, nesta quarta-feira, 24, no bairro do Com\u00e9rcio. A Codesal afirmou em nota que o casar\u00e3o localizado em frente \u00e0 Pra\u00e7a Conde dos Arcos precisou ser evacuado ap\u00f3s vistoria realizada em setembro de 2020. O local, que estava fechado h\u00e1 cerca de tr\u00eas anos, recebeu ontem uma [&hellip;]<\/p>\n","protected":false},"author":2,"featured_media":7672,"comment_status":"open","ping_status":"open","sticky":false,"template":"","format":"standard","meta":{"jnews-multi-image_gallery":[],"jnews_single_post":{"subtitle":"","format":"standard","video":"","gallery":"","source_name":"","source_url":"","via_name":"","via_url":"","override_template":"0","override":[{"template":"1","single_blog_custom":"","parallax":"1","fullscreen":"1","layout":"right-sidebar","sidebar":"default-sidebar","second_sidebar":"default-sidebar","sticky_sidebar":"1","share_position":"top","share_float_style":"share-monocrhome","show_share_counter":"0","show_view_counter":"0","show_featured":"1","show_post_meta":"1","show_post_author":"0","show_post_author_image":"1","show_post_date":"1","post_date_format":"default","post_date_format_custom":"Y\/m\/d","show_post_category":"1","show_post_reading_time":"0","post_reading_time_wpm":"300","show_zoom_button":"0","zoom_button_out_step":"2","zoom_button_in_step":"3","show_post_tag":"1","show_prev_next_post":"1","show_popup_post":"1","number_popup_post":"1","show_author_box":"0","show_post_related":"0","show_inline_post_related":"0"}],"override_image_size":"0","image_override":[{"single_post_thumbnail_size":"no-crop","single_post_gallery_size":"crop-715"}],"trending_post":"0","trending_post_position":"meta","trending_post_label":"Trending","sponsored_post":"0","sponsored_post_label":"Sponsored by","sponsored_post_name":"","sponsored_post_url":"","sponsored_post_logo_enable":"0","sponsored_post_logo":"","sponsored_post_desc":"","disable_ad":"0"},"jnews_primary_category":{"id":"","hide":""},"footnotes":""},"categories":[85],"tags":[],"class_list":["post-7671","post","type-post","status-publish","format-standard","has-post-thumbnail","hentry","category-noticias"],"_links":{"self":[{"href":"https:\/\/cidadebaixaonline.com.br\/index.php\/wp-json\/wp\/v2\/posts\/7671","targetHints":{"allow":["GET"]}}],"collection":[{"href":"https:\/\/cidadebaixaonline.com.br\/index.php\/wp-json\/wp\/v2\/posts"}],"about":[{"href":"https:\/\/cidadebaixaonline.com.br\/index.php\/wp-json\/wp\/v2\/types\/post"}],"author":[{"embeddable":true,"href":"https:\/\/cidadebaixaonline.com.br\/index.php\/wp-json\/wp\/v2\/users\/2"}],"replies":[{"embeddable":true,"href":"https:\/\/cidadebaixaonline.com.br\/index.php\/wp-json\/wp\/v2\/comments?post=7671"}],"version-history":[{"count":1,"href":"https:\/\/cidadebaixaonline.com.br\/index.php\/wp-json\/wp\/v2\/posts\/7671\/revisions"}],"predecessor-version":[{"id":7673,"href":"https:\/\/cidadebaixaonline.com.br\/index.php\/wp-json\/wp\/v2\/posts\/7671\/revisions\/7673"}],"wp:featuredmedia":[{"embeddable":true,"href":"https:\/\/cidadebaixaonline.com.br\/index.php\/wp-json\/wp\/v2\/media\/7672"}],"wp:attachment":[{"href":"https:\/\/cidadebaixaonline.com.br\/index.php\/wp-json\/wp\/v2\/media?parent=7671"}],"wp:term":[{"taxonomy":"category","embeddable":true,"href":"https:\/\/cidadebaixaonline.com.br\/index.php\/wp-json\/wp\/v2\/categories?post=7671"},{"taxonomy":"post_tag","embeddable":true,"href":"https:\/\/cidadebaixaonline.com.br\/index.php\/wp-json\/wp\/v2\/tags?post=7671"}],"curies":[{"name":"wp","href":"https:\/\/api.w.org\/{rel}","templated":true}]}}