{"id":7235,"date":"2024-01-10T11:56:50","date_gmt":"2024-01-10T14:56:50","guid":{"rendered":"https:\/\/cidadebaixaonline.com.br\/?p=7235"},"modified":"2024-01-10T11:56:51","modified_gmt":"2024-01-10T14:56:51","slug":"tebet-garante-recursos-para-pagar-pisos-salariais-da-saude-e-educacao","status":"publish","type":"post","link":"https:\/\/cidadebaixaonline.com.br\/index.php\/2024\/01\/10\/tebet-garante-recursos-para-pagar-pisos-salariais-da-saude-e-educacao\/","title":{"rendered":"Tebet garante recursos para pagar pisos salariais da sa\u00fade e educa\u00e7\u00e3o"},"content":{"rendered":"\n<p>A ministra do Planejamento e Or\u00e7amento, Simone Tebet, disse nesta ter\u00e7a-feira (9) que o governo disp\u00f5e de recursos este ano para pagamento dos pisos salariais da sa\u00fade, educa\u00e7\u00e3o e investir em pol\u00edticas habitacionais.<img decoding=\"async\" src=\"https:\/\/agenciabrasil.ebc.com.br\/ebc.png?id=1575924&amp;o=node\"><img decoding=\"async\" src=\"https:\/\/agenciabrasil.ebc.com.br\/ebc.gif?id=1575924&amp;o=node\"><\/p>\n\n\n\n<p>\u201cIremos cumprir os pisos da educa\u00e7\u00e3o, da sa\u00fade. Teremos muito recurso para infraestrutura, para o programa Minha Casa, Minha Vida\u201d, afirmou em entrevista ao programa\u00a0A Voz do Brasil,\u00a0da\u00a0<strong>Empresa Brasil de Comunica\u00e7\u00e3o (EBC)<\/strong>.<\/p>\n\n\n\n<p>De acordo com a ministra, est\u00e1 garantido ainda o pagamento da bolsa a estudantes de baixa renda no ensino m\u00e9dio para perman\u00eancia na escola.<\/p>\n\n\n\n<p>Simone Tebet destacou ainda que com as mudan\u00e7as aprovadas no ano passado, como a reforma tribut\u00e1ria, est\u00e1 um \u201cpouco mais otimista\u201d em compara\u00e7\u00e3o ao mercado financeiro quanto ao crescimento da economia brasileira em 2024. Para a ministra, \u00e9 poss\u00edvel \u201capostar que o Brasil vai crescer acima de 2%\u201d, ao contr\u00e1rio do 1,5% estimado pelo mercado.<\/p>\n\n\n\n<p>Fonte: Bahia.Ba <\/p>\n\n\n\n<p><\/p>\n","protected":false},"excerpt":{"rendered":"<p>A ministra do Planejamento e Or\u00e7amento, Simone Tebet, disse nesta ter\u00e7a-feira (9) que o governo disp\u00f5e de recursos este ano para pagamento dos pisos salariais da sa\u00fade, educa\u00e7\u00e3o e investir em pol\u00edticas habitacionais. \u201cIremos cumprir os pisos da educa\u00e7\u00e3o, da sa\u00fade. Teremos muito recurso para infraestrutura, para o programa Minha Casa, Minha Vida\u201d, afirmou em [&hellip;]<\/p>\n","protected":false},"author":2,"featured_media":7236,"comment_status":"open","ping_status":"open","sticky":false,"template":"","format":"standard","meta":{"jnews-multi-image_gallery":[],"jnews_single_post":{"subtitle":"","format":"standard","video":"","gallery":"","source_name":"","source_url":"","via_name":"","via_url":"","override_template":"0","override":[{"template":"1","single_blog_custom":"","parallax":"1","fullscreen":"1","layout":"right-sidebar","sidebar":"default-sidebar","second_sidebar":"default-sidebar","sticky_sidebar":"1","share_position":"top","share_float_style":"share-monocrhome","show_share_counter":"0","show_view_counter":"0","show_featured":"1","show_post_meta":"1","show_post_author":"0","show_post_author_image":"1","show_post_date":"1","post_date_format":"default","post_date_format_custom":"Y\/m\/d","show_post_category":"1","show_post_reading_time":"0","post_reading_time_wpm":"300","show_zoom_button":"0","zoom_button_out_step":"2","zoom_button_in_step":"3","show_post_tag":"1","show_prev_next_post":"1","show_popup_post":"1","number_popup_post":"1","show_author_box":"0","show_post_related":"0","show_inline_post_related":"0"}],"override_image_size":"0","image_override":[{"single_post_thumbnail_size":"no-crop","single_post_gallery_size":"crop-715"}],"trending_post":"0","trending_post_position":"meta","trending_post_label":"Trending","sponsored_post":"0","sponsored_post_label":"Sponsored by","sponsored_post_name":"","sponsored_post_url":"","sponsored_post_logo_enable":"0","sponsored_post_logo":"","sponsored_post_desc":"","disable_ad":"0"},"jnews_primary_category":{"id":"","hide":""},"footnotes":""},"categories":[92],"tags":[],"class_list":["post-7235","post","type-post","status-publish","format-standard","has-post-thumbnail","hentry","category-economia"],"_links":{"self":[{"href":"https:\/\/cidadebaixaonline.com.br\/index.php\/wp-json\/wp\/v2\/posts\/7235","targetHints":{"allow":["GET"]}}],"collection":[{"href":"https:\/\/cidadebaixaonline.com.br\/index.php\/wp-json\/wp\/v2\/posts"}],"about":[{"href":"https:\/\/cidadebaixaonline.com.br\/index.php\/wp-json\/wp\/v2\/types\/post"}],"author":[{"embeddable":true,"href":"https:\/\/cidadebaixaonline.com.br\/index.php\/wp-json\/wp\/v2\/users\/2"}],"replies":[{"embeddable":true,"href":"https:\/\/cidadebaixaonline.com.br\/index.php\/wp-json\/wp\/v2\/comments?post=7235"}],"version-history":[{"count":1,"href":"https:\/\/cidadebaixaonline.com.br\/index.php\/wp-json\/wp\/v2\/posts\/7235\/revisions"}],"predecessor-version":[{"id":7237,"href":"https:\/\/cidadebaixaonline.com.br\/index.php\/wp-json\/wp\/v2\/posts\/7235\/revisions\/7237"}],"wp:featuredmedia":[{"embeddable":true,"href":"https:\/\/cidadebaixaonline.com.br\/index.php\/wp-json\/wp\/v2\/media\/7236"}],"wp:attachment":[{"href":"https:\/\/cidadebaixaonline.com.br\/index.php\/wp-json\/wp\/v2\/media?parent=7235"}],"wp:term":[{"taxonomy":"category","embeddable":true,"href":"https:\/\/cidadebaixaonline.com.br\/index.php\/wp-json\/wp\/v2\/categories?post=7235"},{"taxonomy":"post_tag","embeddable":true,"href":"https:\/\/cidadebaixaonline.com.br\/index.php\/wp-json\/wp\/v2\/tags?post=7235"}],"curies":[{"name":"wp","href":"https:\/\/api.w.org\/{rel}","templated":true}]}}