{"id":7232,"date":"2024-01-10T11:40:30","date_gmt":"2024-01-10T14:40:30","guid":{"rendered":"https:\/\/cidadebaixaonline.com.br\/?p=7232"},"modified":"2024-01-10T11:40:32","modified_gmt":"2024-01-10T14:40:32","slug":"superintendente-da-transalvador-revela-se-tera-rodizio-de-veiculos-em-salvador","status":"publish","type":"post","link":"https:\/\/cidadebaixaonline.com.br\/index.php\/2024\/01\/10\/superintendente-da-transalvador-revela-se-tera-rodizio-de-veiculos-em-salvador\/","title":{"rendered":"Superintendente da Transalvador revela se ter\u00e1 rod\u00edzio de ve\u00edculos em Salvador"},"content":{"rendered":"\n<p>O programa\u00a0BNews Agora, da Piat\u00e3 FM, recebeu na noite desta ter\u00e7a-feira (9) o superintendente da\u00a0Transalvador, Decio Martins. Durante o papo, o profissional respondeu perguntas de motoristas sobre a diminui\u00e7\u00e3o de algumas vias na capital baiana, al\u00e9m de revelar, com exclusividade, se ter\u00e1 rod\u00edzio de placas de ve\u00edculos em Salvador. <\/p>\n\n\n\n<p>Segundo o supertintendente, n\u00e3o haver\u00e1 o sistema de rod\u00edzio, ao menos por enquanto, e nem durante o Carnaval 2024.<\/p>\n\n\n\n<p>&#8220;N\u00e3o teremos rod\u00edzio de ve\u00edculos, seja no Carnaval ou no dia a dia, isso n\u00e3o est\u00e1 previsto. No ano passado, para a Av. Centen\u00e1rio, foi pensado isso, mas \u00e9 algo que n\u00e3o vai ser implantado&#8221;, garantiu.<\/p>\n\n\n\n<p>Martins tamb\u00e9m explicou como vai funcionar o esquema de tr\u00e2nsito para a\u00a0tradicional Lavagem do Bonfim, que acontece na pr\u00f3xima quinta-feira (11).<\/p>\n\n\n\n<p>&#8220;Grande opera\u00e7\u00e3o no Bonfim, com 100 barreiras e 250 agentes envolvidos, e amanh\u00e3 de noite (10) a gente come\u00e7a. Vamos fazer uma grande opera\u00e7\u00e3o. Quem chega pela Av. Contorno, nas imedia\u00e7\u00f5es do Dois de Julho, j\u00e1 temos uma barreira desde 6h da manh\u00e3. Durante a madrugada j\u00e1 n\u00e3o ser\u00e1 poss\u00edvel estacionar em locais onde passa o cortejo, como a Av. Miguel Calmon, no Com\u00e9rcio, ou R\u00e9gis Pacheco. J\u00e1 orientamos que n\u00e3o pare nesses locais. \u00c9 uma grande opera\u00e7\u00e3o, bem estruturada&#8221;, disse.<\/p>\n\n\n\n<p>Fonte: BNews <\/p>\n\n\n\n<p><a href=\"https:\/\/www.bnews.com.br\/noticias\/turismo\/conheca-praia-brasileira-que-ganhou-o-titulo-de-melhor-do-mundo.html\"><\/a><\/p>\n","protected":false},"excerpt":{"rendered":"<p>O programa\u00a0BNews Agora, da Piat\u00e3 FM, recebeu na noite desta ter\u00e7a-feira (9) o superintendente da\u00a0Transalvador, Decio Martins. Durante o papo, o profissional respondeu perguntas de motoristas sobre a diminui\u00e7\u00e3o de algumas vias na capital baiana, al\u00e9m de revelar, com exclusividade, se ter\u00e1 rod\u00edzio de placas de ve\u00edculos em Salvador. Segundo o supertintendente, n\u00e3o haver\u00e1 o [&hellip;]<\/p>\n","protected":false},"author":2,"featured_media":7233,"comment_status":"open","ping_status":"open","sticky":false,"template":"","format":"standard","meta":{"jnews-multi-image_gallery":[],"jnews_single_post":{"subtitle":"","format":"standard","video":"","gallery":"","source_name":"","source_url":"","via_name":"","via_url":"","override_template":"0","override":[{"template":"1","single_blog_custom":"","parallax":"1","fullscreen":"1","layout":"right-sidebar","sidebar":"default-sidebar","second_sidebar":"default-sidebar","sticky_sidebar":"1","share_position":"top","share_float_style":"share-monocrhome","show_share_counter":"0","show_view_counter":"0","show_featured":"1","show_post_meta":"1","show_post_author":"0","show_post_author_image":"1","show_post_date":"1","post_date_format":"default","post_date_format_custom":"Y\/m\/d","show_post_category":"1","show_post_reading_time":"0","post_reading_time_wpm":"300","show_zoom_button":"0","zoom_button_out_step":"2","zoom_button_in_step":"3","show_post_tag":"1","show_prev_next_post":"1","show_popup_post":"1","number_popup_post":"1","show_author_box":"0","show_post_related":"0","show_inline_post_related":"0"}],"override_image_size":"0","image_override":[{"single_post_thumbnail_size":"no-crop","single_post_gallery_size":"crop-715"}],"trending_post":"0","trending_post_position":"meta","trending_post_label":"Trending","sponsored_post":"0","sponsored_post_label":"Sponsored by","sponsored_post_name":"","sponsored_post_url":"","sponsored_post_logo_enable":"0","sponsored_post_logo":"","sponsored_post_desc":"","disable_ad":"0"},"jnews_primary_category":{"id":"","hide":""},"footnotes":""},"categories":[85],"tags":[],"class_list":["post-7232","post","type-post","status-publish","format-standard","has-post-thumbnail","hentry","category-noticias"],"_links":{"self":[{"href":"https:\/\/cidadebaixaonline.com.br\/index.php\/wp-json\/wp\/v2\/posts\/7232","targetHints":{"allow":["GET"]}}],"collection":[{"href":"https:\/\/cidadebaixaonline.com.br\/index.php\/wp-json\/wp\/v2\/posts"}],"about":[{"href":"https:\/\/cidadebaixaonline.com.br\/index.php\/wp-json\/wp\/v2\/types\/post"}],"author":[{"embeddable":true,"href":"https:\/\/cidadebaixaonline.com.br\/index.php\/wp-json\/wp\/v2\/users\/2"}],"replies":[{"embeddable":true,"href":"https:\/\/cidadebaixaonline.com.br\/index.php\/wp-json\/wp\/v2\/comments?post=7232"}],"version-history":[{"count":1,"href":"https:\/\/cidadebaixaonline.com.br\/index.php\/wp-json\/wp\/v2\/posts\/7232\/revisions"}],"predecessor-version":[{"id":7234,"href":"https:\/\/cidadebaixaonline.com.br\/index.php\/wp-json\/wp\/v2\/posts\/7232\/revisions\/7234"}],"wp:featuredmedia":[{"embeddable":true,"href":"https:\/\/cidadebaixaonline.com.br\/index.php\/wp-json\/wp\/v2\/media\/7233"}],"wp:attachment":[{"href":"https:\/\/cidadebaixaonline.com.br\/index.php\/wp-json\/wp\/v2\/media?parent=7232"}],"wp:term":[{"taxonomy":"category","embeddable":true,"href":"https:\/\/cidadebaixaonline.com.br\/index.php\/wp-json\/wp\/v2\/categories?post=7232"},{"taxonomy":"post_tag","embeddable":true,"href":"https:\/\/cidadebaixaonline.com.br\/index.php\/wp-json\/wp\/v2\/tags?post=7232"}],"curies":[{"name":"wp","href":"https:\/\/api.w.org\/{rel}","templated":true}]}}