{"id":7184,"date":"2024-01-09T10:03:58","date_gmt":"2024-01-09T13:03:58","guid":{"rendered":"https:\/\/cidadebaixaonline.com.br\/?p=7184"},"modified":"2024-01-09T10:03:59","modified_gmt":"2024-01-09T13:03:59","slug":"ex-psg-e-selecao-argentina-e-internado-em-clinica-de-reabilitacao","status":"publish","type":"post","link":"https:\/\/cidadebaixaonline.com.br\/index.php\/2024\/01\/09\/ex-psg-e-selecao-argentina-e-internado-em-clinica-de-reabilitacao\/","title":{"rendered":"Ex-PSG e Sele\u00e7\u00e3o Argentina \u00e9 internado em cl\u00ednica de reabilita\u00e7\u00e3o"},"content":{"rendered":"\n<p>Ezequiel Lavezzi, ex-atacante da Sele\u00e7\u00e3o Argentina e PSG, se internou neste fim de semana em uma cl\u00ednica de reabilita\u00e7\u00e3o em Buenos Aires, informou o jornal &#8220;Clar\u00edn&#8221;.<\/p>\n\n\n\n<p>Tom\u00e1s, filho do ex-jogador de 38 anos, confirmou a informa\u00e7\u00e3o, por\u00e9m negou que a decis\u00e3o tenha rela\u00e7\u00e3o com uma overdose de drogas. Ainda de acordo com o &#8220;Clar\u00edn&#8221;, Lavezzi teria sofrido uma reca\u00edda em seu estado de sa\u00fade e foi acompanhado por sua fam\u00edlia para realizar o tratamento.<\/p>\n\n\n\n<p>Ap\u00f3s passar por exames, foi encaminhado para um centro de tratamento no bairro de Boedo.<\/p>\n\n\n\n<p>Em dezembro, Lavezzi sofreu um acidente dom\u00e9stico, que ainda n\u00e3o foi totalmente esclarecido. De acordo coma imprensa local, ele sofreu uma fratura na clav\u00edcula e uma perfura\u00e7\u00e3o no abd\u00f4men, quando estava no Uruguai, em Punta del Este.\u00a0<\/p>\n\n\n\n<p>Fonte: Varela Net <\/p>\n","protected":false},"excerpt":{"rendered":"<p>Ezequiel Lavezzi, ex-atacante da Sele\u00e7\u00e3o Argentina e PSG, se internou neste fim de semana em uma cl\u00ednica de reabilita\u00e7\u00e3o em Buenos Aires, informou o jornal &#8220;Clar\u00edn&#8221;. Tom\u00e1s, filho do ex-jogador de 38 anos, confirmou a informa\u00e7\u00e3o, por\u00e9m negou que a decis\u00e3o tenha rela\u00e7\u00e3o com uma overdose de drogas. Ainda de acordo com o &#8220;Clar\u00edn&#8221;, Lavezzi [&hellip;]<\/p>\n","protected":false},"author":2,"featured_media":7185,"comment_status":"open","ping_status":"open","sticky":false,"template":"","format":"standard","meta":{"jnews-multi-image_gallery":[],"jnews_single_post":{"subtitle":"","format":"standard","video":"","gallery":"","source_name":"","source_url":"","via_name":"","via_url":"","override_template":"0","override":[{"template":"1","single_blog_custom":"","parallax":"1","fullscreen":"1","layout":"right-sidebar","sidebar":"default-sidebar","second_sidebar":"default-sidebar","sticky_sidebar":"1","share_position":"top","share_float_style":"share-monocrhome","show_share_counter":"0","show_view_counter":"0","show_featured":"1","show_post_meta":"1","show_post_author":"0","show_post_author_image":"1","show_post_date":"1","post_date_format":"default","post_date_format_custom":"Y\/m\/d","show_post_category":"1","show_post_reading_time":"0","post_reading_time_wpm":"300","show_zoom_button":"0","zoom_button_out_step":"2","zoom_button_in_step":"3","show_post_tag":"1","show_prev_next_post":"1","show_popup_post":"1","number_popup_post":"1","show_author_box":"0","show_post_related":"0","show_inline_post_related":"0"}],"override_image_size":"0","image_override":[{"single_post_thumbnail_size":"no-crop","single_post_gallery_size":"crop-715"}],"trending_post":"0","trending_post_position":"meta","trending_post_label":"Trending","sponsored_post":"0","sponsored_post_label":"Sponsored by","sponsored_post_name":"","sponsored_post_url":"","sponsored_post_logo_enable":"0","sponsored_post_logo":"","sponsored_post_desc":"","disable_ad":"0"},"jnews_primary_category":{"id":"","hide":""},"footnotes":""},"categories":[89],"tags":[],"class_list":["post-7184","post","type-post","status-publish","format-standard","has-post-thumbnail","hentry","category-esportes"],"_links":{"self":[{"href":"https:\/\/cidadebaixaonline.com.br\/index.php\/wp-json\/wp\/v2\/posts\/7184","targetHints":{"allow":["GET"]}}],"collection":[{"href":"https:\/\/cidadebaixaonline.com.br\/index.php\/wp-json\/wp\/v2\/posts"}],"about":[{"href":"https:\/\/cidadebaixaonline.com.br\/index.php\/wp-json\/wp\/v2\/types\/post"}],"author":[{"embeddable":true,"href":"https:\/\/cidadebaixaonline.com.br\/index.php\/wp-json\/wp\/v2\/users\/2"}],"replies":[{"embeddable":true,"href":"https:\/\/cidadebaixaonline.com.br\/index.php\/wp-json\/wp\/v2\/comments?post=7184"}],"version-history":[{"count":1,"href":"https:\/\/cidadebaixaonline.com.br\/index.php\/wp-json\/wp\/v2\/posts\/7184\/revisions"}],"predecessor-version":[{"id":7186,"href":"https:\/\/cidadebaixaonline.com.br\/index.php\/wp-json\/wp\/v2\/posts\/7184\/revisions\/7186"}],"wp:featuredmedia":[{"embeddable":true,"href":"https:\/\/cidadebaixaonline.com.br\/index.php\/wp-json\/wp\/v2\/media\/7185"}],"wp:attachment":[{"href":"https:\/\/cidadebaixaonline.com.br\/index.php\/wp-json\/wp\/v2\/media?parent=7184"}],"wp:term":[{"taxonomy":"category","embeddable":true,"href":"https:\/\/cidadebaixaonline.com.br\/index.php\/wp-json\/wp\/v2\/categories?post=7184"},{"taxonomy":"post_tag","embeddable":true,"href":"https:\/\/cidadebaixaonline.com.br\/index.php\/wp-json\/wp\/v2\/tags?post=7184"}],"curies":[{"name":"wp","href":"https:\/\/api.w.org\/{rel}","templated":true}]}}