{"id":7171,"date":"2024-01-09T09:44:54","date_gmt":"2024-01-09T12:44:54","guid":{"rendered":"https:\/\/cidadebaixaonline.com.br\/?p=7171"},"modified":"2024-01-09T09:44:55","modified_gmt":"2024-01-09T12:44:55","slug":"homem-e-preso-na-bahia-acusado-de-financiar-ataques-do-8-de-janeiro","status":"publish","type":"post","link":"https:\/\/cidadebaixaonline.com.br\/index.php\/2024\/01\/09\/homem-e-preso-na-bahia-acusado-de-financiar-ataques-do-8-de-janeiro\/","title":{"rendered":"Homem \u00e9 preso na Bahia acusado de financiar ataques do 8 de janeiro"},"content":{"rendered":"\n<p>Na&nbsp;manh\u00e3 desta segunda-feira (8) um homem suspeito de financiar e participar dos atos golpistas do 8 de janeiro de 2023, em que apoiadores do ex-presidente Jair Bolsonaro invadiram e depredaram as sedes dos Tr\u00eas Poderes em Bras\u00edlia foi preso em Salvador, Bahia.&nbsp;<\/p>\n\n\n\n<p>Segundo a pol\u00edcia, o suspeito foi identificado como Wagner Ferreira Filho, que teria pago cerca de 24 mil reais para fretar \u00f4nibus dos manifestantes da Bahia para o Distrito Federal. Segundo apura\u00e7\u00e3o da Globo, tra\u00e7os do DNA do suspeito foi encontrado no Sal\u00e3o Negro, no Congresso Nacional, provando que ele estava no local no dia da destrui\u00e7\u00e3o.<\/p>\n\n\n\n<p>A opera\u00e7\u00e3o da Pol\u00edcia Civil chamada \u201cLesa P\u00e1tria\u201d investiga a a\u00e7\u00e3o, e visa cumprir cerca de 46 mandados de busca e apreens\u00e3o e um mandado de pris\u00e3o em v\u00e1rios estados do Brasil, que incluem o Distrito Federal, Bahia, Rio Grande do Sul, Mato Grosso, Goi\u00e1s, Minas Gerais, Maranh\u00e3o, Paran\u00e1, Rond\u00f4nia, S\u00e3o Paulo, Tocantins e Santa Catarina.&nbsp;<\/p>\n\n\n\n<p>Os alvos da investiga\u00e7\u00e3o enfrentar\u00e3o acusa\u00e7\u00f5es dos seguintes crimes: \u201caboli\u00e7\u00e3o violenta do Estado Democr\u00e1tico de Direito; golpe de Estado; dano qualificado; associa\u00e7\u00e3o criminosa; incita\u00e7\u00e3o ao crime; destrui\u00e7\u00e3o e deteriora\u00e7\u00e3o ou inutiliza\u00e7\u00e3o de bem especialmente protegido.\u201d<\/p>\n\n\n\n<p>Os danos aos pr\u00e9dios dos tr\u00eas poderes somam a perda de cerca de R$ 40 milh\u00f5es&nbsp;dos cofres p\u00fablicos, e a perda de objetos e obras de arte que n\u00e3o podem ser reparadas, como o rel\u00f3gio de Baltazar Martinot, do s\u00e9culo 17, a obra \u201cAs Mulatas\u201d, de Di Cavalcanti e objetos recentes, como eletr\u00f4nicos e m\u00f3veis.<\/p>\n\n\n\n<p>Fonte: Varela Net <\/p>\n","protected":false},"excerpt":{"rendered":"<p>Na&nbsp;manh\u00e3 desta segunda-feira (8) um homem suspeito de financiar e participar dos atos golpistas do 8 de janeiro de 2023, em que apoiadores do ex-presidente Jair Bolsonaro invadiram e depredaram as sedes dos Tr\u00eas Poderes em Bras\u00edlia foi preso em Salvador, Bahia.&nbsp; Segundo a pol\u00edcia, o suspeito foi identificado como Wagner Ferreira Filho, que teria [&hellip;]<\/p>\n","protected":false},"author":2,"featured_media":7172,"comment_status":"open","ping_status":"open","sticky":false,"template":"","format":"standard","meta":{"jnews-multi-image_gallery":[],"jnews_single_post":{"subtitle":"","format":"standard","video":"","gallery":"","source_name":"","source_url":"","via_name":"","via_url":"","override_template":"0","override":[{"template":"1","single_blog_custom":"","parallax":"1","fullscreen":"1","layout":"right-sidebar","sidebar":"default-sidebar","second_sidebar":"default-sidebar","sticky_sidebar":"1","share_position":"top","share_float_style":"share-monocrhome","show_share_counter":"0","show_view_counter":"0","show_featured":"1","show_post_meta":"1","show_post_author":"0","show_post_author_image":"1","show_post_date":"1","post_date_format":"default","post_date_format_custom":"Y\/m\/d","show_post_category":"1","show_post_reading_time":"0","post_reading_time_wpm":"300","show_zoom_button":"0","zoom_button_out_step":"2","zoom_button_in_step":"3","show_post_tag":"1","show_prev_next_post":"1","show_popup_post":"1","number_popup_post":"1","show_author_box":"0","show_post_related":"0","show_inline_post_related":"0"}],"override_image_size":"0","image_override":[{"single_post_thumbnail_size":"no-crop","single_post_gallery_size":"crop-715"}],"trending_post":"0","trending_post_position":"meta","trending_post_label":"Trending","sponsored_post":"0","sponsored_post_label":"Sponsored by","sponsored_post_name":"","sponsored_post_url":"","sponsored_post_logo_enable":"0","sponsored_post_logo":"","sponsored_post_desc":"","disable_ad":"0"},"jnews_primary_category":{"id":"","hide":""},"footnotes":""},"categories":[107],"tags":[],"class_list":["post-7171","post","type-post","status-publish","format-standard","has-post-thumbnail","hentry","category-justica"],"_links":{"self":[{"href":"https:\/\/cidadebaixaonline.com.br\/index.php\/wp-json\/wp\/v2\/posts\/7171","targetHints":{"allow":["GET"]}}],"collection":[{"href":"https:\/\/cidadebaixaonline.com.br\/index.php\/wp-json\/wp\/v2\/posts"}],"about":[{"href":"https:\/\/cidadebaixaonline.com.br\/index.php\/wp-json\/wp\/v2\/types\/post"}],"author":[{"embeddable":true,"href":"https:\/\/cidadebaixaonline.com.br\/index.php\/wp-json\/wp\/v2\/users\/2"}],"replies":[{"embeddable":true,"href":"https:\/\/cidadebaixaonline.com.br\/index.php\/wp-json\/wp\/v2\/comments?post=7171"}],"version-history":[{"count":1,"href":"https:\/\/cidadebaixaonline.com.br\/index.php\/wp-json\/wp\/v2\/posts\/7171\/revisions"}],"predecessor-version":[{"id":7173,"href":"https:\/\/cidadebaixaonline.com.br\/index.php\/wp-json\/wp\/v2\/posts\/7171\/revisions\/7173"}],"wp:featuredmedia":[{"embeddable":true,"href":"https:\/\/cidadebaixaonline.com.br\/index.php\/wp-json\/wp\/v2\/media\/7172"}],"wp:attachment":[{"href":"https:\/\/cidadebaixaonline.com.br\/index.php\/wp-json\/wp\/v2\/media?parent=7171"}],"wp:term":[{"taxonomy":"category","embeddable":true,"href":"https:\/\/cidadebaixaonline.com.br\/index.php\/wp-json\/wp\/v2\/categories?post=7171"},{"taxonomy":"post_tag","embeddable":true,"href":"https:\/\/cidadebaixaonline.com.br\/index.php\/wp-json\/wp\/v2\/tags?post=7171"}],"curies":[{"name":"wp","href":"https:\/\/api.w.org\/{rel}","templated":true}]}}