{"id":7162,"date":"2024-01-08T16:07:51","date_gmt":"2024-01-08T19:07:51","guid":{"rendered":"https:\/\/cidadebaixaonline.com.br\/?p=7162"},"modified":"2024-01-08T16:07:53","modified_gmt":"2024-01-08T19:07:53","slug":"gilberto-desabafa-sobre-ma-fase-e-deixa-futuro-em-aberto","status":"publish","type":"post","link":"https:\/\/cidadebaixaonline.com.br\/index.php\/2024\/01\/08\/gilberto-desabafa-sobre-ma-fase-e-deixa-futuro-em-aberto\/","title":{"rendered":"Gilberto desabafa sobre m\u00e1 fase e deixa futuro em aberto"},"content":{"rendered":"\n<p id=\"paragrafo-a6x5xgbmd7\">O atacante Gilberto quebrou o sil\u00eancio sobre sua situa\u00e7\u00e3o no Cruzeiro. Afastado dos jogos do time mineiro desde outubro, o jogador se pronunciou e justificou a m\u00e1 fase em 2023. Tamb\u00e9m confirmou que&nbsp;tenta chegar a um acordo com o clube, j\u00e1 que n\u00e3o est\u00e1 nos planos do t\u00e9cnico&nbsp;Nicol\u00e1s Larcam\u00f3n.<\/p>\n\n\n\n<p id=\"paragrafo-z6fotu98w7\">&#8220;Eu vinha de duas temporadas no futebol dos Emirados \u00c1rabes, onde os n\u00edveis de exig\u00eancia e competitividade s\u00e3o bem diferentes dos daqui do Brasil, que \u00e9 talvez o campeonato mais dif\u00edcil do mundo. Vim sabendo exatamente o tamanho da dificuldade, da minha responsabilidade&#8221;, escreveu, em nota publicada no Instagram.<\/p>\n\n\n\n<p id=\"paragrafo-9ylxij0txu\">Gilberto&nbsp;foi contratado pelo Cruzeiro no fim de janeiro de 2023, ap\u00f3s duas temporadas no Al Wasl, dos Emirados \u00c1rabes. Contratado para ser o camisa 9 e artilheiro do time, o jogador disse que n\u00e3o atuou com a melhor condi\u00e7\u00e3o f\u00edsica desde o come\u00e7o da passagem pela equipe mineira.<\/p>\n\n\n\n<p id=\"paragrafo-vp9fl76a74\">&#8220;N\u00e3o quero aqui transferir responsabilidade pra ningu\u00e9m. Sei das minhas. E se entrei em campo sem as melhores condi\u00e7\u00f5es, sem fazer uma pr\u00e9-temporada adequada, foi porque eu tamb\u00e9m concordei. Tanto o clube, quanto eu, queimamos algumas etapas pra iniciar logo nas partidas, e isso acabou me cobrando um pre\u00e7o ao longo do resto do ano&#8221;, afirmou.<\/p>\n\n\n\n<p id=\"paragrafo-632rr5r9f4\">Gilberto disputou 32 jogos pelo Cruzeiro, sendo 24 como titular, marcou seis gols e deu uma assist\u00eancia. Ele afastado do elenco\u00a0no come\u00e7o de outubro, ap\u00f3s um longo per\u00edodo sem balan\u00e7ar as redes. O atacante disse que aceitou o afastamento e deixou o futuro em aberto. O contrato com a Raposa vai at\u00e9 o fim de 2024.<\/p>\n\n\n\n<p id=\"paragrafo-3xl5e00qhc\">&#8220;Quando o clube resolveu por me afastar, acatei respeitosamente, cumprindo os hor\u00e1rios determinados e sem criar qualquer tipo de problema, at\u00e9 porque entendia que o momento do Cruzeiro&#8221;, disse.<\/p>\n\n\n\n<p id=\"paragrafo-eb55ur1bcb\">&#8220;Ainda n\u00e3o tenho uma defini\u00e7\u00e3o sobre meu futuro. Tenho mais um ano de contrato com o Cruzeiro, e aguardo o melhor entendimento entre o clube e meus representantes pra seguir com meu trabalho da forma como sempre fiz: com amor, entrega, e defendendo com a vida a camisa que eu vier a vestir&#8221;, completou.<\/p>\n\n\n\n<p id=\"paragrafo-z99vaqxkxy\"><strong>Confira o comunicado de Gilberto:<\/strong><\/p>\n\n\n\n<p id=\"paragrafo-0k02oh7gfy\">Com o fim da temporada passada, e prestes a iniciar uma nova, senti necessidade de dizer algumas palavras sobre como foi o meu ano de 2023.<\/p>\n\n\n\n<p id=\"paragrafo-5m4qw8a2ib\">Cheguei ao Cruzeiro no final de janeiro com o campeonato mineiro rec\u00e9m-iniciado, e fiz minha estreia menos de duas semanas depois, no cl\u00e1ssico contra o Am\u00e9rica-MG, tendo feito praticamente apenas uma semana de treinos.<\/p>\n\n\n\n<p id=\"paragrafo-md05j2qflz\">Eu vinha de duas temporadas no futebol dos Emirados \u00c1rabes, onde os n\u00edveis de exig\u00eancia e competitividade s\u00e3o bem diferentes dos daqui do Brasil, que \u00e9 talvez o campeonato mais dif\u00edcil do mundo.<\/p>\n\n\n\n<p id=\"paragrafo-uk5adwvgv2\">Vim sabendo exatamente o tamanho da dificuldade, da minha responsabilidade, e honrado pela confian\u00e7a de um clube gigante do futebol brasileiro, num momento t\u00e3o importante de reconstru\u00e7\u00e3o, retornando da s\u00e9rie B.<\/p>\n\n\n\n<p id=\"paragrafo-4fx1r1sb3i\">Desde o primeiro momento em que cheguei me entreguei em cada treino, em cada jogo, sem me omitir jamais, fosse nos momentos bons ou nos ruins. Mas a cada dia ficava mais evidente que fisicamente eu estava abaixo do que precisava pra render o meu melhor.<\/p>\n\n\n\n<p id=\"paragrafo-69s3gfcz5f\">Sou um atacante de perfil combativo, de enfrentamento, de entrega, e pra corresponder \u00e0s expectativas da torcida, da diretoria, e minhas tamb\u00e9m, precisava estar na plenitude da forma f\u00edsica, coisa que n\u00e3o consegui durante toda a temporada.<\/p>\n\n\n\n<p id=\"paragrafo-s7mcvz82qg\">N\u00e3o quero aqui transferir responsabilidade pra ningu\u00e9m. Sei das minhas. E se entrei em campo sem as melhores condi\u00e7\u00f5es, sem fazer uma pr\u00e9-temporada adequada, foi porque eu tamb\u00e9m concordei. Tanto o clube, quanto eu, queimamos algumas etapas pra iniciar logo nas partidas, e isso acabou me cobrando um pre\u00e7o ao longo do resto do ano.<\/p>\n\n\n\n<p id=\"paragrafo-ja8fc5j3vb\">Quero deixar claro tamb\u00e9m que tanto eu, quanto os profissionais do clube, fizemos o poss\u00edvel pra remediar essa falta de prepara\u00e7\u00e3o no decorrer da temporada, mas infelizmente n\u00e3o obtivemos um resultado satisfat\u00f3rio.<\/p>\n\n\n\n<p id=\"paragrafo-mghkats0sj\">Quando o clube resolveu por me afastar, acatei respeitosamente, cumprindo os hor\u00e1rios determinados e sem criar qualquer tipo de problema, at\u00e9 porque entendia que o momento do Cruzeiro era mais importante que qualquer quest\u00e3o pessoal minha, e segui trabalhando e torcendo por um desfecho positivo pra institui\u00e7\u00e3o e meus companheiros de equipe.<\/p>\n\n\n\n<p id=\"paragrafo-1juni7dywt\">Agrade\u00e7o demais o carinho que recebi desde minha chegada, de funcion\u00e1rios do clube e torcida, e at\u00e9 as cr\u00edticas construtivas que recebi, de gente que certamente torcia pra que eu revertesse a situa\u00e7\u00e3o e entregasse o que todos esper\u00e1vamos. Lamento muito que n\u00e3o tenha sido poss\u00edvel, e tenham certeza que me cobro muito por isso.<\/p>\n\n\n\n<p id=\"paragrafo-ni9ghwfucy\">Ainda n\u00e3o tenho uma defini\u00e7\u00e3o sobre meu futuro. Tenho mais um ano de contrato com o Cruzeiro, e aguardo o melhor entendimento entre o clube e meus representantes pra seguir com meu trabalho da forma como sempre fiz: com amor, entrega, e defendendo com a vida a camisa que eu vier a vestir.<\/p>\n\n\n\n<p id=\"paragrafo-b0iy0qe9be\">Mas com uma \u00fanica certeza: a de que 2024 vai ser muito melhor que o ano que passou.<\/p>\n\n\n\n<p>Fonte: Jornal Correio <\/p>\n","protected":false},"excerpt":{"rendered":"<p>O atacante Gilberto quebrou o sil\u00eancio sobre sua situa\u00e7\u00e3o no Cruzeiro. Afastado dos jogos do time mineiro desde outubro, o jogador se pronunciou e justificou a m\u00e1 fase em 2023. Tamb\u00e9m confirmou que&nbsp;tenta chegar a um acordo com o clube, j\u00e1 que n\u00e3o est\u00e1 nos planos do t\u00e9cnico&nbsp;Nicol\u00e1s Larcam\u00f3n. &#8220;Eu vinha de duas temporadas no [&hellip;]<\/p>\n","protected":false},"author":2,"featured_media":7163,"comment_status":"open","ping_status":"open","sticky":false,"template":"","format":"standard","meta":{"jnews-multi-image_gallery":[],"jnews_single_post":{"subtitle":"","format":"standard","video":"","gallery":"","source_name":"","source_url":"","via_name":"","via_url":"","override_template":"0","override":[{"template":"1","single_blog_custom":"","parallax":"1","fullscreen":"1","layout":"right-sidebar","sidebar":"default-sidebar","second_sidebar":"default-sidebar","sticky_sidebar":"1","share_position":"top","share_float_style":"share-monocrhome","show_share_counter":"0","show_view_counter":"0","show_featured":"1","show_post_meta":"1","show_post_author":"0","show_post_author_image":"1","show_post_date":"1","post_date_format":"default","post_date_format_custom":"Y\/m\/d","show_post_category":"1","show_post_reading_time":"0","post_reading_time_wpm":"300","show_zoom_button":"0","zoom_button_out_step":"2","zoom_button_in_step":"3","show_post_tag":"1","show_prev_next_post":"1","show_popup_post":"1","number_popup_post":"1","show_author_box":"0","show_post_related":"0","show_inline_post_related":"0"}],"override_image_size":"0","image_override":[{"single_post_thumbnail_size":"no-crop","single_post_gallery_size":"crop-715"}],"trending_post":"0","trending_post_position":"meta","trending_post_label":"Trending","sponsored_post":"0","sponsored_post_label":"Sponsored by","sponsored_post_name":"","sponsored_post_url":"","sponsored_post_logo_enable":"0","sponsored_post_logo":"","sponsored_post_desc":"","disable_ad":"0"},"jnews_primary_category":{"id":"","hide":""},"footnotes":""},"categories":[89],"tags":[],"class_list":["post-7162","post","type-post","status-publish","format-standard","has-post-thumbnail","hentry","category-esportes"],"_links":{"self":[{"href":"https:\/\/cidadebaixaonline.com.br\/index.php\/wp-json\/wp\/v2\/posts\/7162","targetHints":{"allow":["GET"]}}],"collection":[{"href":"https:\/\/cidadebaixaonline.com.br\/index.php\/wp-json\/wp\/v2\/posts"}],"about":[{"href":"https:\/\/cidadebaixaonline.com.br\/index.php\/wp-json\/wp\/v2\/types\/post"}],"author":[{"embeddable":true,"href":"https:\/\/cidadebaixaonline.com.br\/index.php\/wp-json\/wp\/v2\/users\/2"}],"replies":[{"embeddable":true,"href":"https:\/\/cidadebaixaonline.com.br\/index.php\/wp-json\/wp\/v2\/comments?post=7162"}],"version-history":[{"count":1,"href":"https:\/\/cidadebaixaonline.com.br\/index.php\/wp-json\/wp\/v2\/posts\/7162\/revisions"}],"predecessor-version":[{"id":7164,"href":"https:\/\/cidadebaixaonline.com.br\/index.php\/wp-json\/wp\/v2\/posts\/7162\/revisions\/7164"}],"wp:featuredmedia":[{"embeddable":true,"href":"https:\/\/cidadebaixaonline.com.br\/index.php\/wp-json\/wp\/v2\/media\/7163"}],"wp:attachment":[{"href":"https:\/\/cidadebaixaonline.com.br\/index.php\/wp-json\/wp\/v2\/media?parent=7162"}],"wp:term":[{"taxonomy":"category","embeddable":true,"href":"https:\/\/cidadebaixaonline.com.br\/index.php\/wp-json\/wp\/v2\/categories?post=7162"},{"taxonomy":"post_tag","embeddable":true,"href":"https:\/\/cidadebaixaonline.com.br\/index.php\/wp-json\/wp\/v2\/tags?post=7162"}],"curies":[{"name":"wp","href":"https:\/\/api.w.org\/{rel}","templated":true}]}}