{"id":7150,"date":"2024-01-08T14:57:06","date_gmt":"2024-01-08T17:57:06","guid":{"rendered":"https:\/\/cidadebaixaonline.com.br\/?p=7150"},"modified":"2024-01-08T14:57:08","modified_gmt":"2024-01-08T17:57:08","slug":"em-itaparica-jeronimo-rodrigues-autoriza-patrimonializacao-do-7-de-janeiro","status":"publish","type":"post","link":"https:\/\/cidadebaixaonline.com.br\/index.php\/2024\/01\/08\/em-itaparica-jeronimo-rodrigues-autoriza-patrimonializacao-do-7-de-janeiro\/","title":{"rendered":"Em Itaparica, Jer\u00f4nimo Rodrigues autoriza patrimonializa\u00e7\u00e3o do 7 de Janeiro"},"content":{"rendered":"\n<p>A resist\u00eancia do povo itaparicano e as lutas contra as tropas militares portuguesas, pela independ\u00eancia da Bahia s\u00e3o celebradas durante a festa de Itaparica, que recebeu a visita do governador Jer\u00f4nimo Rodrigues, no domingo (7).&nbsp;<\/p>\n\n\n\n<p>Os festejos em comemora\u00e7\u00e3o ao Marco Hist\u00f3rico da Batalha de Itaparica, que conferiu a independ\u00eancia do munic\u00edpio de Portugal, h\u00e1 201 anos, tiveram in\u00edcio s\u00e1bado (6) e acontece at\u00e9 ter\u00e7a-feira (8), com investimento de R$ 300 mil, por meio da Superintend\u00eancia de Fomento ao Turismo do Estado da Bahia (Sufotur).\u00a0<\/p>\n\n\n\n<p>A iniciativa contribui para a realiza\u00e7\u00e3o e a manuten\u00e7\u00e3o das tradi\u00e7\u00f5es que fazem de Itaparica um importante centro hist\u00f3rico e cultural no estado. No domingo, a programa\u00e7\u00e3o do evento teve in\u00edcio com a alvorada e o hasteamento da bandeira no Forte S\u00e3o Louren\u00e7o.\u00a0<\/p>\n\n\n\n<p>\u00c0 tarde, os festejos contaram com a presen\u00e7a do governador Jer\u00f4nimo Rodrigues, que seguiu em desfile c\u00edvico-cultural, junto ao Grupo Cultural Os Guaranis e populares, levando a imagem do Caboclo pelas ruas da cidade, at\u00e9 a Fonte da Bica, onde se deu o in\u00edcio da puxada do Carro do Caboclo. Em seguida, Jer\u00f4nimo participou do Te Deum, celebra\u00e7\u00e3o c\u00edvico-religiosa, na Igreja da Matriz, e autorizou a Secretaria de Cultura do Estado da Bahia (Secult), por interm\u00e9dio do Instituto do Patrim\u00f4nio Art\u00edstico e Cultural da Bahia (IPAC), a tornar p\u00fablico o in\u00edcio do processo de patrimonializa\u00e7\u00e3o do Bem Cultural Imaterial dos Festejos C\u00edvicos do 7 de Janeiro, em Itaparica.<\/p>\n\n\n\n<p>Destacando o compromisso do Governo do Estado com a preserva\u00e7\u00e3o das tradi\u00e7\u00f5es, Jer\u00f4nimo Rodrigues refor\u00e7ou a import\u00e2ncia do evento, em Itaparica. &nbsp;\u201cEra aqui em Itaparica que passavam os alimentos do Rec\u00f4ncavo. Aqui era importante ser um local de resist\u00eancia, e assim foi\u201d, ressaltou o governador.&nbsp;<\/p>\n\n\n\n<p>Segundo ele, agora, o IPAC vai se debru\u00e7ar sobre os documentos, para que se possa logo entregar o documento definitivo. \u201cVamos tamb\u00e9m trabalhar em Bras\u00edlia para ter o reconhecimento nacional\u201d, completou Jer\u00f4nimo. Da Igreja da Matriz, Jer\u00f4nimo seguiu em cortejo, at\u00e9 a Pra\u00e7a Campo Formoso, onde est\u00e1 instalado o Monumento ao 7 de Janeiro. Em seguida, o governador prestigiou um ritual ind\u00edgena guarani.<\/p>\n\n\n\n<p>PATRIMONIALIZA\u00c7\u00c3OO Ipac tornou p\u00fablico o in\u00edcio do processo de patrimonializa\u00e7\u00e3o, confirmando o certificado de T\u00edtulo de Patrim\u00f4nio Cultural Imaterial da Bahia ao 7 de Janeiro, em Itaparica. Esta notifica\u00e7\u00e3o n\u00e3o apenas reconhece a import\u00e2ncia cultural do evento, mas tamb\u00e9m confere uma patrimonializa\u00e7\u00e3o provis\u00f3ria, colocando o Estado da Bahia como respons\u00e1vel pela salvaguarda desse legado hist\u00f3rico e de sua import\u00e2ncia para a independ\u00eancia do Brasil.<\/p>\n\n\n\n<p>O secret\u00e1rio da Cultura Bruno Monteiro explicou como se dar\u00e1 o processo. &#8220;Ao longo dos pr\u00f3ximos meses, os t\u00e9cnicos do Ipac e da Secult far\u00e3o todo um trabalho in loco para a patrimonializa\u00e7\u00e3o definitiva, ou seja, reconhecendo essa importante festividade, como um patrim\u00f4nio imaterial cultural. Isso significa um compromisso do Estado com a preserva\u00e7\u00e3o dessa hist\u00f3ria e de tudo que aconteceu como uma forma de darmos acesso para todas as gera\u00e7\u00f5es, mas sobretudo de fortalecimento das nossas lutas cotidianas por democracia, por inclus\u00e3o, por direitos&#8221;, declarou o gestor da pasta.<\/p>\n\n\n\n<p>O Grupo Cultural &#8216;Os Guaranis&#8217; foi o respons\u00e1vel por solicitar a patrimonializa\u00e7\u00e3o dos &#8216;Festejos de Itaparica&#8217;, reconhecendo a import\u00e2ncia de preservar e transmitir para as gera\u00e7\u00f5es futuras o empenho dos itaparicanos na luta pela liberta\u00e7\u00e3o das terras baianas. &#8220;\u00c9 fundamental dar visibilidade \u00e0 tecnologia de organiza\u00e7\u00e3o popular, \u00e0 nossa trajet\u00f3ria, \u00e0 nossa hist\u00f3ria. O Estado da Bahia est\u00e1 fazendo quest\u00e3o de reivindicar aquilo, que na hist\u00f3ria do Brasil, conta e materializa o que n\u00f3s somos: um povo libertador, que deu origem, de fato, \u00e0 independ\u00eancia brasileira&#8221;, enfatizou a diretora-geral do IPAC, Luciana Mandelli.<\/p>\n\n\n\n<p><br>HIST\u00d3RIA<\/p>\n\n\n\n<p>Em janeiro de 1823, h\u00e1 exatos 201 anos, a Batalha de Itaparica resultou na vit\u00f3ria brasileira sobre as tropas portuguesas comandadas pelo Brigadeiro Lu\u00eds Madeira de Melo. Na \u00e9poca, Itaparica desempenhava um papel crucial no transporte de alimentos, como feij\u00e3o, milho e farinha, produzidos no Rec\u00f4ncavo, al\u00e9m de servir como ponto estrat\u00e9gico no abastecimento das tropas portuguesas.\u00a0<\/p>\n\n\n\n<p>Os portugueses, reconhecendo a import\u00e2ncia estrat\u00e9gica do local, tentaram tomar Itaparica em v\u00e1rias lutas ao longo de 1822, mas foram duramente repelidos pelo ex\u00e9rcito patri\u00f3tico, formado principalmente por populares, caracterizando a marcante participa\u00e7\u00e3o da popula\u00e7\u00e3o na Guerra da Independ\u00eancia da Bahia.<\/p>\n\n\n\n<p>Fonte: Bahia Not\u00edcias <\/p>\n","protected":false},"excerpt":{"rendered":"<p>A resist\u00eancia do povo itaparicano e as lutas contra as tropas militares portuguesas, pela independ\u00eancia da Bahia s\u00e3o celebradas durante a festa de Itaparica, que recebeu a visita do governador Jer\u00f4nimo Rodrigues, no domingo (7).&nbsp; Os festejos em comemora\u00e7\u00e3o ao Marco Hist\u00f3rico da Batalha de Itaparica, que conferiu a independ\u00eancia do munic\u00edpio de Portugal, h\u00e1 [&hellip;]<\/p>\n","protected":false},"author":2,"featured_media":7151,"comment_status":"open","ping_status":"open","sticky":false,"template":"","format":"standard","meta":{"jnews-multi-image_gallery":[],"jnews_single_post":{"subtitle":"","format":"standard","video":"","gallery":"","source_name":"","source_url":"","via_name":"","via_url":"","override_template":"0","override":[{"template":"1","single_blog_custom":"","parallax":"1","fullscreen":"1","layout":"right-sidebar","sidebar":"default-sidebar","second_sidebar":"default-sidebar","sticky_sidebar":"1","share_position":"top","share_float_style":"share-monocrhome","show_share_counter":"0","show_view_counter":"0","show_featured":"1","show_post_meta":"1","show_post_author":"0","show_post_author_image":"1","show_post_date":"1","post_date_format":"default","post_date_format_custom":"Y\/m\/d","show_post_category":"1","show_post_reading_time":"0","post_reading_time_wpm":"300","show_zoom_button":"0","zoom_button_out_step":"2","zoom_button_in_step":"3","show_post_tag":"1","show_prev_next_post":"1","show_popup_post":"1","number_popup_post":"1","show_author_box":"0","show_post_related":"0","show_inline_post_related":"0"}],"override_image_size":"0","image_override":[{"single_post_thumbnail_size":"no-crop","single_post_gallery_size":"crop-715"}],"trending_post":"0","trending_post_position":"meta","trending_post_label":"Trending","sponsored_post":"0","sponsored_post_label":"Sponsored by","sponsored_post_name":"","sponsored_post_url":"","sponsored_post_logo_enable":"0","sponsored_post_logo":"","sponsored_post_desc":"","disable_ad":"0"},"jnews_primary_category":{"id":"","hide":""},"footnotes":""},"categories":[85],"tags":[],"class_list":["post-7150","post","type-post","status-publish","format-standard","has-post-thumbnail","hentry","category-noticias"],"_links":{"self":[{"href":"https:\/\/cidadebaixaonline.com.br\/index.php\/wp-json\/wp\/v2\/posts\/7150","targetHints":{"allow":["GET"]}}],"collection":[{"href":"https:\/\/cidadebaixaonline.com.br\/index.php\/wp-json\/wp\/v2\/posts"}],"about":[{"href":"https:\/\/cidadebaixaonline.com.br\/index.php\/wp-json\/wp\/v2\/types\/post"}],"author":[{"embeddable":true,"href":"https:\/\/cidadebaixaonline.com.br\/index.php\/wp-json\/wp\/v2\/users\/2"}],"replies":[{"embeddable":true,"href":"https:\/\/cidadebaixaonline.com.br\/index.php\/wp-json\/wp\/v2\/comments?post=7150"}],"version-history":[{"count":1,"href":"https:\/\/cidadebaixaonline.com.br\/index.php\/wp-json\/wp\/v2\/posts\/7150\/revisions"}],"predecessor-version":[{"id":7152,"href":"https:\/\/cidadebaixaonline.com.br\/index.php\/wp-json\/wp\/v2\/posts\/7150\/revisions\/7152"}],"wp:featuredmedia":[{"embeddable":true,"href":"https:\/\/cidadebaixaonline.com.br\/index.php\/wp-json\/wp\/v2\/media\/7151"}],"wp:attachment":[{"href":"https:\/\/cidadebaixaonline.com.br\/index.php\/wp-json\/wp\/v2\/media?parent=7150"}],"wp:term":[{"taxonomy":"category","embeddable":true,"href":"https:\/\/cidadebaixaonline.com.br\/index.php\/wp-json\/wp\/v2\/categories?post=7150"},{"taxonomy":"post_tag","embeddable":true,"href":"https:\/\/cidadebaixaonline.com.br\/index.php\/wp-json\/wp\/v2\/tags?post=7150"}],"curies":[{"name":"wp","href":"https:\/\/api.w.org\/{rel}","templated":true}]}}