{"id":7125,"date":"2024-01-08T11:11:50","date_gmt":"2024-01-08T14:11:50","guid":{"rendered":"https:\/\/cidadebaixaonline.com.br\/?p=7125"},"modified":"2024-01-08T11:11:51","modified_gmt":"2024-01-08T14:11:51","slug":"mercado-eleva-para-159-projecao-de-expansao-da-economia-em-2024","status":"publish","type":"post","link":"https:\/\/cidadebaixaonline.com.br\/index.php\/2024\/01\/08\/mercado-eleva-para-159-projecao-de-expansao-da-economia-em-2024\/","title":{"rendered":"Mercado eleva para 1,59% proje\u00e7\u00e3o de expans\u00e3o da economia em 2024"},"content":{"rendered":"\n<p>A previs\u00e3o do mercado financeiro para o crescimento da economia brasileira este ano subiu, passando de 1,52% para 1,59%. A estimativa est\u00e1 no boletim Focus desta segunda-feira, 8, pesquisa divulgada semanalmente pelo Banco Central (BC) com a proje\u00e7\u00e3o para os principais indicadores econ\u00f4micos.<\/p>\n\n\n\n<p>Para 2025, a expectativa para o Produto Interno Bruto (PIB &#8211; a soma dos bens e servi\u00e7os produzidos no pa\u00eds) &#8211; \u00e9 de crescimento de 2%, a mesma proje\u00e7\u00e3o para 2026.<\/p>\n\n\n\n<p>O Focus continua trazendo as previs\u00f5es para 2023, j\u00e1 que os n\u00fameros ainda est\u00e3o sendo consolidados. O mercado estima que o PIB de 2023 fique em 2,92%. O resultado do quarto trimestre, com o consolidado do ano, ser\u00e1 divulgado pelo Instituto Brasileiro de Geografia e Estat\u00edstica (IBGE) em 1\u00ba de mar\u00e7o.<\/p>\n\n\n\n<p>Superando as proje\u00e7\u00f5es, no terceiro trimestre do ano passado a economia brasileira cresceu 0,1%, na compara\u00e7\u00e3o com o segundo trimestre de 2023, de acordo com o IBGE. No ano, a alta acumulada foi 3,2%.<\/p>\n\n\n\n<p>Com o resultado, o PIB est\u00e1 novamente no maior patamar da s\u00e9rie hist\u00f3rica, ficando 7,2% acima do n\u00edvel pr\u00e9-pandemia, registrado nos tr\u00eas \u00faltimos meses de 2019.<\/p>\n\n\n\n<p>A previs\u00e3o de cota\u00e7\u00e3o do d\u00f3lar est\u00e1 em R$ 5 para o fim deste ano. No fim de 2025, a previs\u00e3o \u00e9 que a moeda americana fique neste mesmo patamar.<\/p>\n\n\n\n<p><strong>Infla\u00e7\u00e3o<\/strong><\/p>\n\n\n\n<p>Nesta edi\u00e7\u00e3o do Focus, a previs\u00e3o para o \u00cdndice Nacional de Pre\u00e7os ao Consumidor Amplo (IPCA) &#8211; considerada a infla\u00e7\u00e3o oficial do pa\u00eds \u2013 para 2024 se manteve em 3,9%. Para 2025 e 2026, a proje\u00e7\u00e3o da infla\u00e7\u00e3o tamb\u00e9m permaneceu no mesmo patamar, em 3,5% para os dois anos.<\/p>\n\n\n\n<p>A estimativa para 2024 est\u00e1 acima do centro da meta de infla\u00e7\u00e3o que deve ser perseguida pelo BC. Definida pelo Conselho Monet\u00e1rio Nacional (CMN), a meta \u00e9 de 3% para este ano, com intervalo de toler\u00e2ncia de 1,5 ponto percentual para cima ou para baixo. Ou seja, o limite inferior \u00e9 1,5% e o superior 4,5%.<\/p>\n\n\n\n<p>Para 2025 e 2026, as metas de infla\u00e7\u00e3o est\u00e3o fixadas em 3%, com intervalo de toler\u00e2ncia de 1,5 ponto percentual.<\/p>\n\n\n\n<p>Para o mercado financeiro, a infla\u00e7\u00e3o do ano passado deve ficar em 4,47%. Os dados de 2023 ser\u00e3o divulgados pelo IBGE na pr\u00f3xima quinta-feira (11).<\/p>\n\n\n\n<p>Em novembro de 2023, o aumento de pre\u00e7os dos alimentos pressionou o resultado da infla\u00e7\u00e3o. O IPCA ficou em 0,28%, segundo o IBGE. O percentual foi maior que a taxa de setembro, que teve alta de 0,24%. A infla\u00e7\u00e3o acumulada em 2023 atingiu 4,04%. Nos \u00faltimos 12 meses, o \u00edndice consolidado est\u00e1 em 4,68%.<\/p>\n\n\n\n<p>A meta definida pelo CMN para 2023 \u00e9 3,25%, tamb\u00e9m com toler\u00e2ncia de 1,5 ponto percentual. Segundo o BC, no \u00faltimo Relat\u00f3rio de Infla\u00e7\u00e3o, a chance de o \u00edndice oficial superar o teto da meta em 2023 \u00e9 17%.<\/p>\n\n\n\n<p><strong>Taxa de juros<\/strong><\/p>\n\n\n\n<p>Para alcan\u00e7ar a meta de infla\u00e7\u00e3o, o Banco Central usa como principal instrumento a taxa b\u00e1sica de juros &#8211; a Selic &#8211; definida em 11,75% ao ano pelo Comit\u00ea de Pol\u00edtica Monet\u00e1ria (Copom). Ap\u00f3s sucessivas quedas no fim do primeiro semestre de 2023, a infla\u00e7\u00e3o voltou a subir na segunda metade do ano, mas essa alta era esperada por economistas.<\/p>\n\n\n\n<p>O comportamento dos pre\u00e7os fez o BC cortar os juros quatro vezes no semestre passado, em todas as reuni\u00f5es do Copom. Em ata divulgada, o colegiado informou que continuar\u00e1 a promover novos cortes de 0,5 ponto nas pr\u00f3ximas reuni\u00f5es, mas n\u00e3o detalhou quando vai parar de reduzir a taxa Selic. Segundo o BC, o momento depender\u00e1 do comportamento da infla\u00e7\u00e3o no primeiro semestre de 2024.<\/p>\n\n\n\n<p>Para o mercado financeiro, a Selic deve encerrar 2024 em 9% ao ano. A primeira reuni\u00e3o do Copom neste ano ocorre em 30 e 31 de janeiro e os analistas esperam que a Selic seja reduzida a 11,25%. Para o fim de 2025 e de 2026, a previs\u00e3o \u00e9 de Selic em 8,5% ao ano, nos dois anos.<\/p>\n\n\n\n<p>De mar\u00e7o de 2021 a agosto de 2022, o Copom elevou a Selic por 12 vezes consecutivas, num ciclo de aperto monet\u00e1rio que come\u00e7ou em meio \u00e0 alta dos pre\u00e7os de alimentos, energia e combust\u00edveis. Por um ano, at\u00e9 agosto de 2023, a taxa foi mantida em 13,75% ao ano.<\/p>\n\n\n\n<p>Antes do in\u00edcio do ciclo de alta, a Selic tinha sido reduzida para 2% ao ano, no n\u00edvel mais baixo da s\u00e9rie hist\u00f3rica iniciada em 1986. Por causa da contra\u00e7\u00e3o econ\u00f4mica gerada pela pandemia de covid-19, o Banco Central tinha derrubado a taxa para estimular a produ\u00e7\u00e3o e o consumo. A taxa ficou no menor patamar da hist\u00f3ria de agosto de 2020 a mar\u00e7o de 2021.<\/p>\n\n\n\n<p>Quando o Copom aumenta a taxa b\u00e1sica de juros, a finalidade \u00e9 conter a demanda aquecida, e isso causa reflexos nos pre\u00e7os porque os juros mais altos encarecem o cr\u00e9dito e estimulam a poupan\u00e7a. Mas, al\u00e9m da Selic, os bancos consideram outros fatores na hora de definir os juros cobrados dos consumidores, como risco de inadimpl\u00eancia, lucro e despesas administrativas. Desse modo, taxas mais altas tamb\u00e9m podem dificultar a expans\u00e3o da economia.<\/p>\n\n\n\n<p>Quando o Copom diminui a Selic, a tend\u00eancia \u00e9 que o cr\u00e9dito fique mais barato, com incentivo \u00e0 produ\u00e7\u00e3o e ao consumo, reduzindo o controle sobre a infla\u00e7\u00e3o e estimulando a atividade econ\u00f4mica.<\/p>\n\n\n\n<p>Fonte: Varela Net <\/p>\n","protected":false},"excerpt":{"rendered":"<p>A previs\u00e3o do mercado financeiro para o crescimento da economia brasileira este ano subiu, passando de 1,52% para 1,59%. A estimativa est\u00e1 no boletim Focus desta segunda-feira, 8, pesquisa divulgada semanalmente pelo Banco Central (BC) com a proje\u00e7\u00e3o para os principais indicadores econ\u00f4micos. Para 2025, a expectativa para o Produto Interno Bruto (PIB &#8211; a [&hellip;]<\/p>\n","protected":false},"author":2,"featured_media":7126,"comment_status":"open","ping_status":"open","sticky":false,"template":"","format":"standard","meta":{"jnews-multi-image_gallery":[],"jnews_single_post":{"subtitle":"","format":"standard","video":"","gallery":"","source_name":"","source_url":"","via_name":"","via_url":"","override_template":"0","override":[{"template":"1","single_blog_custom":"","parallax":"1","fullscreen":"1","layout":"right-sidebar","sidebar":"default-sidebar","second_sidebar":"default-sidebar","sticky_sidebar":"1","share_position":"top","share_float_style":"share-monocrhome","show_share_counter":"0","show_view_counter":"0","show_featured":"1","show_post_meta":"1","show_post_author":"0","show_post_author_image":"1","show_post_date":"1","post_date_format":"default","post_date_format_custom":"Y\/m\/d","show_post_category":"1","show_post_reading_time":"0","post_reading_time_wpm":"300","show_zoom_button":"0","zoom_button_out_step":"2","zoom_button_in_step":"3","show_post_tag":"1","show_prev_next_post":"1","show_popup_post":"1","number_popup_post":"1","show_author_box":"0","show_post_related":"0","show_inline_post_related":"0"}],"override_image_size":"0","image_override":[{"single_post_thumbnail_size":"no-crop","single_post_gallery_size":"crop-715"}],"trending_post":"0","trending_post_position":"meta","trending_post_label":"Trending","sponsored_post":"0","sponsored_post_label":"Sponsored by","sponsored_post_name":"","sponsored_post_url":"","sponsored_post_logo_enable":"0","sponsored_post_logo":"","sponsored_post_desc":"","disable_ad":"0"},"jnews_primary_category":{"id":"","hide":""},"footnotes":""},"categories":[92],"tags":[],"class_list":["post-7125","post","type-post","status-publish","format-standard","has-post-thumbnail","hentry","category-economia"],"_links":{"self":[{"href":"https:\/\/cidadebaixaonline.com.br\/index.php\/wp-json\/wp\/v2\/posts\/7125","targetHints":{"allow":["GET"]}}],"collection":[{"href":"https:\/\/cidadebaixaonline.com.br\/index.php\/wp-json\/wp\/v2\/posts"}],"about":[{"href":"https:\/\/cidadebaixaonline.com.br\/index.php\/wp-json\/wp\/v2\/types\/post"}],"author":[{"embeddable":true,"href":"https:\/\/cidadebaixaonline.com.br\/index.php\/wp-json\/wp\/v2\/users\/2"}],"replies":[{"embeddable":true,"href":"https:\/\/cidadebaixaonline.com.br\/index.php\/wp-json\/wp\/v2\/comments?post=7125"}],"version-history":[{"count":1,"href":"https:\/\/cidadebaixaonline.com.br\/index.php\/wp-json\/wp\/v2\/posts\/7125\/revisions"}],"predecessor-version":[{"id":7127,"href":"https:\/\/cidadebaixaonline.com.br\/index.php\/wp-json\/wp\/v2\/posts\/7125\/revisions\/7127"}],"wp:featuredmedia":[{"embeddable":true,"href":"https:\/\/cidadebaixaonline.com.br\/index.php\/wp-json\/wp\/v2\/media\/7126"}],"wp:attachment":[{"href":"https:\/\/cidadebaixaonline.com.br\/index.php\/wp-json\/wp\/v2\/media?parent=7125"}],"wp:term":[{"taxonomy":"category","embeddable":true,"href":"https:\/\/cidadebaixaonline.com.br\/index.php\/wp-json\/wp\/v2\/categories?post=7125"},{"taxonomy":"post_tag","embeddable":true,"href":"https:\/\/cidadebaixaonline.com.br\/index.php\/wp-json\/wp\/v2\/tags?post=7125"}],"curies":[{"name":"wp","href":"https:\/\/api.w.org\/{rel}","templated":true}]}}