{"id":7119,"date":"2024-01-08T10:55:41","date_gmt":"2024-01-08T13:55:41","guid":{"rendered":"https:\/\/cidadebaixaonline.com.br\/?p=7119"},"modified":"2024-01-08T10:55:43","modified_gmt":"2024-01-08T13:55:43","slug":"menos-de-20-das-delegacias-da-mulher-funcionam-24-horas","status":"publish","type":"post","link":"https:\/\/cidadebaixaonline.com.br\/index.php\/2024\/01\/08\/menos-de-20-das-delegacias-da-mulher-funcionam-24-horas\/","title":{"rendered":"Menos de 20% das delegacias da mulher funcionam 24 horas"},"content":{"rendered":"\n<p>Levantamento feito pelo Minist\u00e9rio da Justi\u00e7a e Seguran\u00e7a P\u00fablica apresenta diagn\u00f3sticos sobre a situa\u00e7\u00e3o estrutural e funcionamento das institui\u00e7\u00f5es de seguran\u00e7a p\u00fablica e das unidades policiais especializadas no atendimento \u00e0 mulher. Os dados foram obtidos a partir de pesquisas feitas com pol\u00edcias militares e civis, corpos de bombeiros, \u00f3rg\u00e3os periciais e unidades de atendimento a mulheres, bem como institui\u00e7\u00f5es voltadas para a investiga\u00e7\u00e3o de narc\u00f3ticos em todas as unidades federativas.<\/p>\n\n\n\n<p>Segundo a pesquisa, 554.473 ocorr\u00eancias foram registradas em 2022 \u2013 ano-base da pesquisa divulgada em 2023. Deste total, 170.984 foram de amea\u00e7as. Ainda segundo o diagn\u00f3stico, apenas 18,66% das Delegacias de Atendimento \u00e0s Mulheres (Deams) tinham plant\u00e3o 24 horas.<\/p>\n\n\n\n<p>O Minist\u00e9rio da Justi\u00e7a lembra que, naquele ano, ainda n\u00e3o vigorava a Lei 14.541\/2023, sancionada em 2023 pelo presidente Luiz In\u00e1cio Lula da Silva, que garante o funcionamento 24 horas por dia dessas unidades, inclusive nos domingos e feriados.<\/p>\n\n\n\n<p><strong>Narc\u00f3ticos<\/strong><\/p>\n\n\n\n<p>Conforme o levantamento, 44% das unidades especializadas na investiga\u00e7\u00e3o de narc\u00f3ticos est\u00e3o localizadas no Sudeste e 23%, no Nordeste. Na Amaz\u00f4nia Legal, que corresponde a 59% do territ\u00f3rio brasileiro, est\u00e3o localizados 15% desses postos de investiga\u00e7\u00e3o. A regi\u00e3o engloba oito estados (Acre, Amap\u00e1, Amazonas, Mato Grosso, Par\u00e1, Rond\u00f4nia, Roraima e Tocantins) e parte do Maranh\u00e3o.<\/p>\n\n\n\n<p>O n\u00famero equivale a 12 unidades policiais especializadas na investiga\u00e7\u00e3o de narc\u00f3ticos. O Minist\u00e9rio da Justi\u00e7a ressalta que, em 2022, tais unidades foram respons\u00e1veis pela apreens\u00e3o de 737,5 mil quilos de drogas, 65 armas de fogo, 181 ve\u00edculos, 9 embarca\u00e7\u00f5es e 877 aparelhos celulares.<\/p>\n\n\n\n<p><strong>Pol\u00edcias militares e civis<\/strong><\/p>\n\n\n\n<p>Quanto ao perfil das institui\u00e7\u00f5es de seguran\u00e7a p\u00fablica, a pesquisa identificou &#8220;interrup\u00e7\u00e3o de uma s\u00e9rie de tr\u00eas anos consecutivos de queda do n\u00famero de policiais militares na ativa no pa\u00eds, com aumento de 0,6% em rela\u00e7\u00e3o a 2021 (acr\u00e9scimo de 2.300 policiais)\u201d.<\/p>\n\n\n\n<p>O levantamento aponta ainda aumento do efetivo feminino nas pol\u00edcias militares, sendo 2022 o ano de pico dessa alta, com aumento de 1,6% de mulheres nas corpora\u00e7\u00f5es.<\/p>\n\n\n\n<p>Quanto \u00e0 ra\u00e7a-cor declarada, os dados indicam que, do total de policiais militares no Brasil, a maioria (39,2%) se declara de cor branca; 31,8% se declaram pardos e 5,2%, de cor preta. &#8220;Apenas 0,7% dos policiais militares se declararam de cor amarela e 0,3% se declararam ind\u00edgenas\u201d, detalha o levantamento, ao destacar que houve, nesse caso, um \u201celevado percentual de dados n\u00e3o informados [22,9%]\u201d.<\/p>\n\n\n\n<p>De acordo com o estudo, o efetivo de policiais civis aumentou pelo segundo ano consecutivo. O n\u00famero de delegados, escriv\u00e3es e agentes em atividade cresceu 1% na compara\u00e7\u00e3o com 2021. Isso equivale a um acr\u00e9scimo de 1.017 profissionais.<\/p>\n\n\n\n<p>Destes, 58,9% se declaram brancos; 26,6%, pardos; 3,8%, pretos; 0,7%, de cor amarela; e 0,3%, ind\u00edgenas. Dados n\u00e3o informados, nesse quesito, representam 9,7% do total.<\/p>\n\n\n\n<p><strong>Bombeiros e peritos<\/strong><\/p>\n\n\n\n<p>Tendo como recorte os corpos de bombeiros militares, o levantamento identificou que, em 2022, o efetivo aumentou 0,9%, o que corresponde a um acr\u00e9scimo de 622 profissionais ao quadro. Segundo o Minist\u00e9rio da Justi\u00e7a, isso representou aumento percentual de 0,9%.<\/p>\n\n\n\n<p>Do efetivo de bombeiros militares na ativa, 41,7% se declaram de cor parda; 36,8%, brancos; 8,4%, de cor preta; 1,6%, de cor amarela; e 0,3%, ind\u00edgenas. Nesse quesito, o percentual de dados n\u00e3o informados ficou em 11,1%.<\/p>\n\n\n\n<p>O efetivo de peritos aumentou 6,5% em 2022, na compara\u00e7\u00e3o com 2021. O levantamento mostra que, em 2022, o n\u00famero de peritos do sexo masculino caiu 1,7%, perda que foi compensada com uma alta de 2,6% no n\u00famero de profissionais do sexo feminino.<\/p>\n\n\n\n<p>A maioria dos peritos criminais ativos no Brasil se declara de cor branca (56%); 16,6% se declaram pardos; e 2,9%, de cor preta. Apenas 2,6% dos peritos se declararam de cor amarela e 0,2% se declararam ind\u00edgenas. O percentual de dados n\u00e3o informados ficou em 21,7%.<\/p>\n\n\n\n<p>Fonte: Varela Net <\/p>\n","protected":false},"excerpt":{"rendered":"<p>Levantamento feito pelo Minist\u00e9rio da Justi\u00e7a e Seguran\u00e7a P\u00fablica apresenta diagn\u00f3sticos sobre a situa\u00e7\u00e3o estrutural e funcionamento das institui\u00e7\u00f5es de seguran\u00e7a p\u00fablica e das unidades policiais especializadas no atendimento \u00e0 mulher. Os dados foram obtidos a partir de pesquisas feitas com pol\u00edcias militares e civis, corpos de bombeiros, \u00f3rg\u00e3os periciais e unidades de atendimento a [&hellip;]<\/p>\n","protected":false},"author":2,"featured_media":7120,"comment_status":"open","ping_status":"open","sticky":false,"template":"","format":"standard","meta":{"jnews-multi-image_gallery":[],"jnews_single_post":{"subtitle":"","format":"standard","video":"","gallery":"","source_name":"","source_url":"","via_name":"","via_url":"","override_template":"0","override":[{"template":"1","single_blog_custom":"","parallax":"1","fullscreen":"1","layout":"right-sidebar","sidebar":"default-sidebar","second_sidebar":"default-sidebar","sticky_sidebar":"1","share_position":"top","share_float_style":"share-monocrhome","show_share_counter":"0","show_view_counter":"0","show_featured":"1","show_post_meta":"1","show_post_author":"0","show_post_author_image":"1","show_post_date":"1","post_date_format":"default","post_date_format_custom":"Y\/m\/d","show_post_category":"1","show_post_reading_time":"0","post_reading_time_wpm":"300","show_zoom_button":"0","zoom_button_out_step":"2","zoom_button_in_step":"3","show_post_tag":"1","show_prev_next_post":"1","show_popup_post":"1","number_popup_post":"1","show_author_box":"0","show_post_related":"0","show_inline_post_related":"0"}],"override_image_size":"0","image_override":[{"single_post_thumbnail_size":"no-crop","single_post_gallery_size":"crop-715"}],"trending_post":"0","trending_post_position":"meta","trending_post_label":"Trending","sponsored_post":"0","sponsored_post_label":"Sponsored by","sponsored_post_name":"","sponsored_post_url":"","sponsored_post_logo_enable":"0","sponsored_post_logo":"","sponsored_post_desc":"","disable_ad":"0"},"jnews_primary_category":{"id":"","hide":""},"footnotes":""},"categories":[107],"tags":[],"class_list":["post-7119","post","type-post","status-publish","format-standard","has-post-thumbnail","hentry","category-justica"],"_links":{"self":[{"href":"https:\/\/cidadebaixaonline.com.br\/index.php\/wp-json\/wp\/v2\/posts\/7119","targetHints":{"allow":["GET"]}}],"collection":[{"href":"https:\/\/cidadebaixaonline.com.br\/index.php\/wp-json\/wp\/v2\/posts"}],"about":[{"href":"https:\/\/cidadebaixaonline.com.br\/index.php\/wp-json\/wp\/v2\/types\/post"}],"author":[{"embeddable":true,"href":"https:\/\/cidadebaixaonline.com.br\/index.php\/wp-json\/wp\/v2\/users\/2"}],"replies":[{"embeddable":true,"href":"https:\/\/cidadebaixaonline.com.br\/index.php\/wp-json\/wp\/v2\/comments?post=7119"}],"version-history":[{"count":1,"href":"https:\/\/cidadebaixaonline.com.br\/index.php\/wp-json\/wp\/v2\/posts\/7119\/revisions"}],"predecessor-version":[{"id":7121,"href":"https:\/\/cidadebaixaonline.com.br\/index.php\/wp-json\/wp\/v2\/posts\/7119\/revisions\/7121"}],"wp:featuredmedia":[{"embeddable":true,"href":"https:\/\/cidadebaixaonline.com.br\/index.php\/wp-json\/wp\/v2\/media\/7120"}],"wp:attachment":[{"href":"https:\/\/cidadebaixaonline.com.br\/index.php\/wp-json\/wp\/v2\/media?parent=7119"}],"wp:term":[{"taxonomy":"category","embeddable":true,"href":"https:\/\/cidadebaixaonline.com.br\/index.php\/wp-json\/wp\/v2\/categories?post=7119"},{"taxonomy":"post_tag","embeddable":true,"href":"https:\/\/cidadebaixaonline.com.br\/index.php\/wp-json\/wp\/v2\/tags?post=7119"}],"curies":[{"name":"wp","href":"https:\/\/api.w.org\/{rel}","templated":true}]}}