{"id":6994,"date":"2023-12-20T11:38:20","date_gmt":"2023-12-20T14:38:20","guid":{"rendered":"https:\/\/cidadebaixaonline.com.br\/?p=6994"},"modified":"2023-12-20T11:38:22","modified_gmt":"2023-12-20T14:38:22","slug":"operacao-dakovo-mpf-denuncia-organizacao-criminosa-com-movimentacao-de-r-12-bi-com-trafico-de-armas","status":"publish","type":"post","link":"https:\/\/cidadebaixaonline.com.br\/index.php\/2023\/12\/20\/operacao-dakovo-mpf-denuncia-organizacao-criminosa-com-movimentacao-de-r-12-bi-com-trafico-de-armas\/","title":{"rendered":"Opera\u00e7\u00e3o Dakovo: MPF denuncia organiza\u00e7\u00e3o criminosa com movimenta\u00e7\u00e3o de R$ 1,2 bi com tr\u00e1fico de armas"},"content":{"rendered":"\n<p>Vinte e oito integrantes de uma \u201ccomplexa e multimilion\u00e1ria\u201d engrenagem de tr\u00e1fico il\u00edcito de armas de fogo da Europa e da Turquia para a Am\u00e9rica do Sul foram denunciados pelo Minist\u00e9rio P\u00fablico Federal (MPF), por meio do Grupo de Atua\u00e7\u00e3o Especial de Combate ao Crime Organizado (Gaeco) na Bahia, \u00e0 Justi\u00e7a Federal. A organiza\u00e7\u00e3o criminosa foi desarticulada na Opera\u00e7\u00e3o Dakovo, deflagrada no Brasil e no Paraguai no in\u00edcio deste m\u00eas.<\/p>\n\n\n\n<p>Investiga\u00e7\u00f5es feitas pelo MPF em parceria com a Pol\u00edcia Federal da Bahia revelaram que a empresa International Auto Supply S.A. (IAS-PY), sediada em Assun\u00e7\u00e3o, no Paraguai, importou cerca de 43 mil armas para o pa\u00eds, movimentando em tr\u00eas anos cerca de R$ 1,2 bilh\u00e3o e desviando parte desse armamento para fac\u00e7\u00f5es criminosas brasileiras.<\/p>\n\n\n\n<p>A den\u00fancia foi recebida nesta ter\u00e7a-feira (19) pela Justi\u00e7a Federal Justi\u00e7a Federal, que retirou o sigilo do caso. A pe\u00e7a narra um total de 55 crimes praticados pelo grupo: 25 de tr\u00e1fico internacional de armas, 29 de lavagem de dinheiro, al\u00e9m do crime de organiza\u00e7\u00e3o criminosa transnacional para todos os denunciados. Os crimes atribu\u00eddos a cada acusado, o n\u00famero de vezes que foram praticados e a incid\u00eancia de circunst\u00e2ncias agravantes variam de acordo com a participa\u00e7\u00e3o de cada um nos delitos.&nbsp;<\/p>\n\n\n\n<p>Embora os fatos descritos na den\u00fancia tamb\u00e9m apontem elementos que possam caracterizar, em tese, os crimes de corrup\u00e7\u00e3o ativa ou passiva em detrimento da administra\u00e7\u00e3o p\u00fablica do Paraguai, o MPF n\u00e3o ofereceu den\u00fancia por essas pr\u00e1ticas por n\u00e3o estarem presentes as condi\u00e7\u00f5es previstas no artigo 7\u00ba do C\u00f3digo Penal, que permitiriam o julgamento do caso pela Justi\u00e7a brasileira.<\/p>\n\n\n\n<p>Al\u00e9m da condena\u00e7\u00e3o criminal dos r\u00e9us, o MPF requer a perda de bens e valores indicados como proveito do crime, confisco e bloqueio de bens, al\u00e9m da condena\u00e7\u00e3o dos acusados por danos morais coletivos. O MPF pediu ainda a manuten\u00e7\u00e3o das pris\u00f5es preventivas j\u00e1 decretadas, bem como a convers\u00e3o de pris\u00f5es tempor\u00e1rias em preventivas, em rela\u00e7\u00e3o a alguns denunciados.<\/p>\n\n\n\n<p><strong>INVESTIGA\u00c7\u00c3O<\/strong><\/p>\n\n\n\n<p>A den\u00fancia \u00e9 fruto das apura\u00e7\u00f5es feitas em inqu\u00e9rito policial instaurado a partir da apreens\u00e3o de armas de fogo, acess\u00f3rios e muni\u00e7\u00f5es croatas, durante abordagem feita pela Pol\u00edcia Rodovi\u00e1ria Federal no dia 23 de novembro de 2020, em Vit\u00f3ria da Conquista, na Bahia. Na ocasi\u00e3o, foram apreendidos: 23 pistolas calibre 9 mm com numera\u00e7\u00e3o suprimida; 70 carregadores, sendo 27 com prolongadores e 43 sem prolongadores; dois fuzis calibre 556 mm, com n\u00fameros de s\u00e9rie apresentando ind\u00edcios de adultera\u00e7\u00e3o; seis carregadores de fuzil e uma muni\u00e7\u00e3o calibre 9mm.<\/p>\n\n\n\n<p>As armas eram importadas da Europa e da Turquia para o Paraguai, onde tinham a numera\u00e7\u00e3o raspada e eram revendidas a grupos de intermedi\u00e1rios que atuavam na fronteira com o Brasil. Parte do armamento acabava sendo comprada pelas principais fac\u00e7\u00f5es criminosas brasileiras, como o Primeiro Comando da Capital (PCC) e o Comando Vermelho.&nbsp;<\/p>\n\n\n\n<p>Durante as investiga\u00e7\u00f5es, a partir do trabalho de per\u00edcia para recuperar o n\u00famero de s\u00e9rie dos armamentos, foram identificadas no territ\u00f3rio brasileiro 25 apreens\u00f5es de armas de fogo comprovadamente importadas da Europa e da Turquia pela IAS-PY, as quais eram traficadas ilegalmente para o Brasil. As apreens\u00f5es ocorreram nos seguintes estados da federa\u00e7\u00e3o: Bahia, S\u00e3o Paulo, Rio de Janeiro, Paran\u00e1, Mato Grosso do Sul, Rio Grande do Sul e Minas Gerais.<\/p>\n\n\n\n<p>A organiza\u00e7\u00e3o criminosa atuava em seis n\u00facleos, com fun\u00e7\u00f5es bem delineadas:<\/p>\n\n\n\n<figure class=\"wp-block-image size-full\"><img loading=\"lazy\" decoding=\"async\" width=\"748\" height=\"292\" src=\"https:\/\/cidadebaixaonline.com.br\/wp-content\/uploads\/2023\/12\/Sem-titulo.png\" alt=\"\" class=\"wp-image-6996\" srcset=\"https:\/\/cidadebaixaonline.com.br\/wp-content\/uploads\/2023\/12\/Sem-titulo.png 748w, https:\/\/cidadebaixaonline.com.br\/wp-content\/uploads\/2023\/12\/Sem-titulo-300x117.png 300w\" sizes=\"auto, (max-width: 748px) 100vw, 748px\" \/><\/figure>\n\n\n\n<p>Fonte: Bahia Not\u00edcias <\/p>\n","protected":false},"excerpt":{"rendered":"<p>Vinte e oito integrantes de uma \u201ccomplexa e multimilion\u00e1ria\u201d engrenagem de tr\u00e1fico il\u00edcito de armas de fogo da Europa e da Turquia para a Am\u00e9rica do Sul foram denunciados pelo Minist\u00e9rio P\u00fablico Federal (MPF), por meio do Grupo de Atua\u00e7\u00e3o Especial de Combate ao Crime Organizado (Gaeco) na Bahia, \u00e0 Justi\u00e7a Federal. A organiza\u00e7\u00e3o criminosa [&hellip;]<\/p>\n","protected":false},"author":2,"featured_media":6995,"comment_status":"open","ping_status":"open","sticky":false,"template":"","format":"standard","meta":{"jnews-multi-image_gallery":[],"jnews_single_post":{"subtitle":"","format":"standard","video":"","gallery":"","source_name":"","source_url":"","via_name":"","via_url":"","override_template":"0","override":[{"template":"1","single_blog_custom":"","parallax":"1","fullscreen":"1","layout":"right-sidebar","sidebar":"default-sidebar","second_sidebar":"default-sidebar","sticky_sidebar":"1","share_position":"top","share_float_style":"share-monocrhome","show_share_counter":"0","show_view_counter":"0","show_featured":"1","show_post_meta":"1","show_post_author":"0","show_post_author_image":"1","show_post_date":"1","post_date_format":"default","post_date_format_custom":"Y\/m\/d","show_post_category":"1","show_post_reading_time":"0","post_reading_time_wpm":"300","show_zoom_button":"0","zoom_button_out_step":"2","zoom_button_in_step":"3","show_post_tag":"1","show_prev_next_post":"1","show_popup_post":"1","number_popup_post":"1","show_author_box":"0","show_post_related":"0","show_inline_post_related":"0"}],"override_image_size":"0","image_override":[{"single_post_thumbnail_size":"no-crop","single_post_gallery_size":"crop-715"}],"trending_post":"0","trending_post_position":"meta","trending_post_label":"Trending","sponsored_post":"0","sponsored_post_label":"Sponsored by","sponsored_post_name":"","sponsored_post_url":"","sponsored_post_logo_enable":"0","sponsored_post_logo":"","sponsored_post_desc":"","disable_ad":"0"},"jnews_primary_category":{"id":"","hide":""},"footnotes":""},"categories":[107],"tags":[],"class_list":["post-6994","post","type-post","status-publish","format-standard","has-post-thumbnail","hentry","category-justica"],"_links":{"self":[{"href":"https:\/\/cidadebaixaonline.com.br\/index.php\/wp-json\/wp\/v2\/posts\/6994","targetHints":{"allow":["GET"]}}],"collection":[{"href":"https:\/\/cidadebaixaonline.com.br\/index.php\/wp-json\/wp\/v2\/posts"}],"about":[{"href":"https:\/\/cidadebaixaonline.com.br\/index.php\/wp-json\/wp\/v2\/types\/post"}],"author":[{"embeddable":true,"href":"https:\/\/cidadebaixaonline.com.br\/index.php\/wp-json\/wp\/v2\/users\/2"}],"replies":[{"embeddable":true,"href":"https:\/\/cidadebaixaonline.com.br\/index.php\/wp-json\/wp\/v2\/comments?post=6994"}],"version-history":[{"count":1,"href":"https:\/\/cidadebaixaonline.com.br\/index.php\/wp-json\/wp\/v2\/posts\/6994\/revisions"}],"predecessor-version":[{"id":6997,"href":"https:\/\/cidadebaixaonline.com.br\/index.php\/wp-json\/wp\/v2\/posts\/6994\/revisions\/6997"}],"wp:featuredmedia":[{"embeddable":true,"href":"https:\/\/cidadebaixaonline.com.br\/index.php\/wp-json\/wp\/v2\/media\/6995"}],"wp:attachment":[{"href":"https:\/\/cidadebaixaonline.com.br\/index.php\/wp-json\/wp\/v2\/media?parent=6994"}],"wp:term":[{"taxonomy":"category","embeddable":true,"href":"https:\/\/cidadebaixaonline.com.br\/index.php\/wp-json\/wp\/v2\/categories?post=6994"},{"taxonomy":"post_tag","embeddable":true,"href":"https:\/\/cidadebaixaonline.com.br\/index.php\/wp-json\/wp\/v2\/tags?post=6994"}],"curies":[{"name":"wp","href":"https:\/\/api.w.org\/{rel}","templated":true}]}}