{"id":6886,"date":"2023-12-15T10:49:55","date_gmt":"2023-12-15T13:49:55","guid":{"rendered":"https:\/\/cidadebaixaonline.com.br\/?p=6886"},"modified":"2023-12-15T10:49:57","modified_gmt":"2023-12-15T13:49:57","slug":"denis-junior-renova-contrato-com-o-bahia-mas-deve-seguir-emprestado-ao-vila-nova","status":"publish","type":"post","link":"https:\/\/cidadebaixaonline.com.br\/index.php\/2023\/12\/15\/denis-junior-renova-contrato-com-o-bahia-mas-deve-seguir-emprestado-ao-vila-nova\/","title":{"rendered":"D\u00eanis J\u00fanior renova contrato com o Bahia, mas deve seguir emprestado ao Vila Nova"},"content":{"rendered":"\n<p>O goleiro D\u00eanis J\u00fanior renovou o contrato com o Bahia. O arqueiro, de 25 anos, teve o v\u00ednculo prorrogado por mais tr\u00eas anos. A informa\u00e7\u00e3o foi divulgada inicialmente pelo produtor de conte\u00fado Yuri Santana, do canal do Puco.<\/p>\n\n\n\n<p>Apesar da renova\u00e7\u00e3o com o Tricolor, a tend\u00eancia \u00e9 que D\u00eanis J\u00fanior siga emprestado ao Vila Nova por mais uma temporada. Na S\u00e9rie B deste ano, o time goiano bateu na trave na briga pelo acesso ao terminar a competi\u00e7\u00e3o na oitava coloca\u00e7\u00e3o com 61 pontos, tr\u00eas a mais do G-4, que foi fechado justamente pelo rival Atl\u00e9tico-GO. Titular absoluto, o arqueiro atuou 37 vezes com a camisa do Vila Nova na S\u00e9rie B, sofrendo 29 gols. Ele ficou 14 partidas sem ser vazado na Segunda Divis\u00e3o. <\/p>\n\n\n\n<p>D\u00eanis J\u00fanior come\u00e7ou a carreira no S\u00e3o Paulo e foi contratado pelo Bahia em 2021, primeiro para atuar no time de transi\u00e7\u00e3o e depois foi incorporado ao elenco principal. Antes do Vila Nova, ele chegou a ser emprestado ao Confian\u00e7a no ano passado.<\/p>\n\n\n\n<p>Fonte: Bahia Not\u00edcias <\/p>\n","protected":false},"excerpt":{"rendered":"<p>O goleiro D\u00eanis J\u00fanior renovou o contrato com o Bahia. O arqueiro, de 25 anos, teve o v\u00ednculo prorrogado por mais tr\u00eas anos. A informa\u00e7\u00e3o foi divulgada inicialmente pelo produtor de conte\u00fado Yuri Santana, do canal do Puco. Apesar da renova\u00e7\u00e3o com o Tricolor, a tend\u00eancia \u00e9 que D\u00eanis J\u00fanior siga emprestado ao Vila Nova [&hellip;]<\/p>\n","protected":false},"author":2,"featured_media":6887,"comment_status":"open","ping_status":"open","sticky":false,"template":"","format":"standard","meta":{"jnews-multi-image_gallery":[],"jnews_single_post":{"subtitle":"","format":"standard","video":"","gallery":"","source_name":"","source_url":"","via_name":"","via_url":"","override_template":"0","override":[{"template":"1","single_blog_custom":"","parallax":"1","fullscreen":"1","layout":"right-sidebar","sidebar":"default-sidebar","second_sidebar":"default-sidebar","sticky_sidebar":"1","share_position":"top","share_float_style":"share-monocrhome","show_share_counter":"0","show_view_counter":"0","show_featured":"1","show_post_meta":"1","show_post_author":"0","show_post_author_image":"1","show_post_date":"1","post_date_format":"default","post_date_format_custom":"Y\/m\/d","show_post_category":"1","show_post_reading_time":"0","post_reading_time_wpm":"300","show_zoom_button":"0","zoom_button_out_step":"2","zoom_button_in_step":"3","show_post_tag":"1","show_prev_next_post":"1","show_popup_post":"1","number_popup_post":"1","show_author_box":"0","show_post_related":"0","show_inline_post_related":"0"}],"override_image_size":"0","image_override":[{"single_post_thumbnail_size":"no-crop","single_post_gallery_size":"crop-715"}],"trending_post":"0","trending_post_position":"meta","trending_post_label":"Trending","sponsored_post":"0","sponsored_post_label":"Sponsored by","sponsored_post_name":"","sponsored_post_url":"","sponsored_post_logo_enable":"0","sponsored_post_logo":"","sponsored_post_desc":"","disable_ad":"0"},"jnews_primary_category":{"id":"","hide":""},"footnotes":""},"categories":[89],"tags":[],"class_list":["post-6886","post","type-post","status-publish","format-standard","has-post-thumbnail","hentry","category-esportes"],"_links":{"self":[{"href":"https:\/\/cidadebaixaonline.com.br\/index.php\/wp-json\/wp\/v2\/posts\/6886","targetHints":{"allow":["GET"]}}],"collection":[{"href":"https:\/\/cidadebaixaonline.com.br\/index.php\/wp-json\/wp\/v2\/posts"}],"about":[{"href":"https:\/\/cidadebaixaonline.com.br\/index.php\/wp-json\/wp\/v2\/types\/post"}],"author":[{"embeddable":true,"href":"https:\/\/cidadebaixaonline.com.br\/index.php\/wp-json\/wp\/v2\/users\/2"}],"replies":[{"embeddable":true,"href":"https:\/\/cidadebaixaonline.com.br\/index.php\/wp-json\/wp\/v2\/comments?post=6886"}],"version-history":[{"count":1,"href":"https:\/\/cidadebaixaonline.com.br\/index.php\/wp-json\/wp\/v2\/posts\/6886\/revisions"}],"predecessor-version":[{"id":6888,"href":"https:\/\/cidadebaixaonline.com.br\/index.php\/wp-json\/wp\/v2\/posts\/6886\/revisions\/6888"}],"wp:featuredmedia":[{"embeddable":true,"href":"https:\/\/cidadebaixaonline.com.br\/index.php\/wp-json\/wp\/v2\/media\/6887"}],"wp:attachment":[{"href":"https:\/\/cidadebaixaonline.com.br\/index.php\/wp-json\/wp\/v2\/media?parent=6886"}],"wp:term":[{"taxonomy":"category","embeddable":true,"href":"https:\/\/cidadebaixaonline.com.br\/index.php\/wp-json\/wp\/v2\/categories?post=6886"},{"taxonomy":"post_tag","embeddable":true,"href":"https:\/\/cidadebaixaonline.com.br\/index.php\/wp-json\/wp\/v2\/tags?post=6886"}],"curies":[{"name":"wp","href":"https:\/\/api.w.org\/{rel}","templated":true}]}}