{"id":6880,"date":"2023-12-15T10:19:34","date_gmt":"2023-12-15T13:19:34","guid":{"rendered":"https:\/\/cidadebaixaonline.com.br\/?p=6880"},"modified":"2023-12-15T10:19:36","modified_gmt":"2023-12-15T13:19:36","slug":"comercio-varejista-recua-03-em-outubro-diz-ibge","status":"publish","type":"post","link":"https:\/\/cidadebaixaonline.com.br\/index.php\/2023\/12\/15\/comercio-varejista-recua-03-em-outubro-diz-ibge\/","title":{"rendered":"Com\u00e9rcio varejista recua 0,3% em outubro, diz IBGE"},"content":{"rendered":"\n<p>O volume de vendas do com\u00e9rcio varejista apresentou queda de 0,3% em outubro deste ano, na compara\u00e7\u00e3o com o m\u00eas anterior. O resultado veio depois de uma alta de 0,5% em setembro. O dado \u00e9 da Pesquisa Mensal do Com\u00e9rcio (PMC), divulgada nesta quinta-feira (14) pelo Instituto Brasileiro de Geografia e Estat\u00edstica (IBGE).<\/p>\n\n\n\n<p>\u201cAs varia\u00e7\u00f5es est\u00e3o muito pr\u00f3ximas a zero desde fevereiro, ficando na leitura da estabilidade em todos os meses exceto mar\u00e7o (0,7%), maio (-0,6%) e julho (0,7%). Isso mostra um retorno ao comportamento anterior a 2020, ap\u00f3s as varia\u00e7\u00f5es mais acentuadas que observamos no per\u00edodo de pandemia, com n\u00fameros ainda mais t\u00edmidos do que o padr\u00e3o pr\u00e9 covid-19. Mas, num cen\u00e1rio de m\u00e9dio prazo, a perspectiva est\u00e1 positiva, com crescimento nos acumulados do ano e em 12 meses\u201d, explica o gerente da pesquisa, Cristiano Santos, segundo nota divulgada pelo IBGE.<\/p>\n\n\n\n<p>Apesar disso, em outubro, o com\u00e9rcio apresentou resultados positivos nos outros tipos de compara\u00e7\u00e3o: 0,1% na m\u00e9dia m\u00f3vel trimestral, 0,2% na compara\u00e7\u00e3o com outubro do ano passado, 1,6% no acumulado do ano e 1,5% no acumulado de 12 meses.<\/p>\n\n\n\n<p>Na passagem de setembro para outubro, a queda de 0,3% foi puxada por recuos em cinco das oito atividades pesquisadas pelo IBGE: equipamentos e material para escrit\u00f3rio, inform\u00e1tica e comunica\u00e7\u00e3o (-5,7%), tecidos, vestu\u00e1rio e cal\u00e7ados (-1,9%), hiper, supermercados, produtos aliment\u00edcios, bebidas e fumo (-0,8%), combust\u00edveis e lubrificantes (-0,7%) e m\u00f3veis e eletrodom\u00e9sticos (-0,1%).<\/p>\n\n\n\n<p>Apenas tr\u00eas atividades do varejo tiveram alta no m\u00eas: livros, jornais, revistas e papelaria (2,8%), artigos farmac\u00eauticos, m\u00e9dicos, ortop\u00e9dicos e de perfumaria (1,4%) e outros artigos de uso pessoal e dom\u00e9stico (0,2%).&nbsp;<\/p>\n\n\n\n<p>A receita nominal do varejo recuou 0,1% na compara\u00e7\u00e3o com setembro deste ano, mas cresceu 1,9% em rela\u00e7\u00e3o a outubro de 2022, 4% no acumulado do ano e 5,1% no acumulado de 12 meses.<\/p>\n\n\n\n<p><strong>Varejo ampliado<\/strong><br>Os setores de ve\u00edculos, pe\u00e7as e materiais de constru\u00e7\u00e3o, que s\u00e3o considerados varejo ampliado, apresentaram alta no volume de vendas de setembro para outubro. Os ve\u00edculos, motos, partes e pe\u00e7as apresentaram altas de 0,3% em rela\u00e7\u00e3o ao m\u00eas anterior, 10,5% na compara\u00e7\u00e3o com outubro do ano passado, 7,3% no acumulado do ano e 5,4% no acumulado de 12 meses.<\/p>\n\n\n\n<p>J\u00e1 os materiais de constru\u00e7\u00e3o tiveram altas de 2,8% na compara\u00e7\u00e3o com setembro e de 6,4% em rela\u00e7\u00e3o a outubro de 2022. No entanto, acumulam quedas de 2,1% no ano e de 3,4% no acumulado de 12 meses.<\/p>\n\n\n\n<p>Fonte: Varela Net <\/p>\n","protected":false},"excerpt":{"rendered":"<p>O volume de vendas do com\u00e9rcio varejista apresentou queda de 0,3% em outubro deste ano, na compara\u00e7\u00e3o com o m\u00eas anterior. O resultado veio depois de uma alta de 0,5% em setembro. O dado \u00e9 da Pesquisa Mensal do Com\u00e9rcio (PMC), divulgada nesta quinta-feira (14) pelo Instituto Brasileiro de Geografia e Estat\u00edstica (IBGE). \u201cAs varia\u00e7\u00f5es [&hellip;]<\/p>\n","protected":false},"author":2,"featured_media":6881,"comment_status":"open","ping_status":"open","sticky":false,"template":"","format":"standard","meta":{"jnews-multi-image_gallery":[],"jnews_single_post":{"subtitle":"","format":"standard","video":"","gallery":"","source_name":"","source_url":"","via_name":"","via_url":"","override_template":"0","override":[{"template":"1","single_blog_custom":"","parallax":"1","fullscreen":"1","layout":"right-sidebar","sidebar":"default-sidebar","second_sidebar":"default-sidebar","sticky_sidebar":"1","share_position":"top","share_float_style":"share-monocrhome","show_share_counter":"0","show_view_counter":"0","show_featured":"1","show_post_meta":"1","show_post_author":"0","show_post_author_image":"1","show_post_date":"1","post_date_format":"default","post_date_format_custom":"Y\/m\/d","show_post_category":"1","show_post_reading_time":"0","post_reading_time_wpm":"300","show_zoom_button":"0","zoom_button_out_step":"2","zoom_button_in_step":"3","show_post_tag":"1","show_prev_next_post":"1","show_popup_post":"1","number_popup_post":"1","show_author_box":"0","show_post_related":"0","show_inline_post_related":"0"}],"override_image_size":"0","image_override":[{"single_post_thumbnail_size":"no-crop","single_post_gallery_size":"crop-715"}],"trending_post":"0","trending_post_position":"meta","trending_post_label":"Trending","sponsored_post":"0","sponsored_post_label":"Sponsored by","sponsored_post_name":"","sponsored_post_url":"","sponsored_post_logo_enable":"0","sponsored_post_logo":"","sponsored_post_desc":"","disable_ad":"0"},"jnews_primary_category":{"id":"","hide":""},"footnotes":""},"categories":[92],"tags":[],"class_list":["post-6880","post","type-post","status-publish","format-standard","has-post-thumbnail","hentry","category-economia"],"_links":{"self":[{"href":"https:\/\/cidadebaixaonline.com.br\/index.php\/wp-json\/wp\/v2\/posts\/6880","targetHints":{"allow":["GET"]}}],"collection":[{"href":"https:\/\/cidadebaixaonline.com.br\/index.php\/wp-json\/wp\/v2\/posts"}],"about":[{"href":"https:\/\/cidadebaixaonline.com.br\/index.php\/wp-json\/wp\/v2\/types\/post"}],"author":[{"embeddable":true,"href":"https:\/\/cidadebaixaonline.com.br\/index.php\/wp-json\/wp\/v2\/users\/2"}],"replies":[{"embeddable":true,"href":"https:\/\/cidadebaixaonline.com.br\/index.php\/wp-json\/wp\/v2\/comments?post=6880"}],"version-history":[{"count":1,"href":"https:\/\/cidadebaixaonline.com.br\/index.php\/wp-json\/wp\/v2\/posts\/6880\/revisions"}],"predecessor-version":[{"id":6882,"href":"https:\/\/cidadebaixaonline.com.br\/index.php\/wp-json\/wp\/v2\/posts\/6880\/revisions\/6882"}],"wp:featuredmedia":[{"embeddable":true,"href":"https:\/\/cidadebaixaonline.com.br\/index.php\/wp-json\/wp\/v2\/media\/6881"}],"wp:attachment":[{"href":"https:\/\/cidadebaixaonline.com.br\/index.php\/wp-json\/wp\/v2\/media?parent=6880"}],"wp:term":[{"taxonomy":"category","embeddable":true,"href":"https:\/\/cidadebaixaonline.com.br\/index.php\/wp-json\/wp\/v2\/categories?post=6880"},{"taxonomy":"post_tag","embeddable":true,"href":"https:\/\/cidadebaixaonline.com.br\/index.php\/wp-json\/wp\/v2\/tags?post=6880"}],"curies":[{"name":"wp","href":"https:\/\/api.w.org\/{rel}","templated":true}]}}