{"id":6801,"date":"2023-12-13T16:03:40","date_gmt":"2023-12-13T19:03:40","guid":{"rendered":"https:\/\/cidadebaixaonline.com.br\/?p=6801"},"modified":"2023-12-13T16:03:42","modified_gmt":"2023-12-13T19:03:42","slug":"conselho-de-etica-da-camara-instaura-processo-contra-janones","status":"publish","type":"post","link":"https:\/\/cidadebaixaonline.com.br\/index.php\/2023\/12\/13\/conselho-de-etica-da-camara-instaura-processo-contra-janones\/","title":{"rendered":"Conselho de \u00c9tica da C\u00e2mara instaura processo contra Janones"},"content":{"rendered":"\n<p>O\u00a0 Conselho de Etica da C\u00e2mara dos Deputados instaurou um procedimento para apurar a conduta do deputado Andr\u00e9 Janones (Avante-MG) ap\u00f3s as acusa\u00e7\u00f5es de que o parlamentar promova a pr\u00e1tica de &#8220;rachadinha&#8221; em seu gabinete.<\/p>\n\n\n\n<p>Em audios divulgados na imprensa, Janones pede parte do sal\u00e1rio dos seus assessores para pagar despesas pessoais ap\u00f3s alegar que seu patrim\u00f4nio teria sido&nbsp; &#8220;dilapidado&#8221; durante a campanha pol\u00edtica.<\/p>\n\n\n\n<p>O caso, que est\u00e1 sendo investigado no STF pelo ministro Luiz Fux, pode incorrer na suspens\u00e3o ou na cassa\u00e7\u00e3o do mandato de Janones. O prazo m\u00e1ximo para o Conselho chegar a um consenso \u00e9 de 90 dias.<\/p>\n\n\n\n<p>O primeiro passo ser\u00e1 a escolha do relator do caso, o que dever\u00e1 ser feito pelo presidente do colegiado, deputado Lomanto Leur J\u00fanior (Uni\u00e3o-BA), nos pr\u00f3ximos dias.<\/p>\n\n\n\n<p>Os deputados Emanuel Pinheiro Neto (MDB-MT), Guilherme Boulos (PSOL-SP) e Sidney Leite (PSD-AM) foram sorteados para conduzir as investiga\u00e7\u00f5es da representa\u00e7\u00e3o contra o deputado apresentada pelo PL.<\/p>\n\n\n\n<p>Ap\u00f3s a escolha do relator, o mesmo ter\u00e1 dez dias \u00fateis para elaborar um parecer preliminar onde recomendar\u00e1 o arquivamento ou o prosseguimento da investiga\u00e7\u00e3o.<\/p>\n\n\n\n<p>Fonte: A Tarde<\/p>\n","protected":false},"excerpt":{"rendered":"<p>O\u00a0 Conselho de Etica da C\u00e2mara dos Deputados instaurou um procedimento para apurar a conduta do deputado Andr\u00e9 Janones (Avante-MG) ap\u00f3s as acusa\u00e7\u00f5es de que o parlamentar promova a pr\u00e1tica de &#8220;rachadinha&#8221; em seu gabinete. Em audios divulgados na imprensa, Janones pede parte do sal\u00e1rio dos seus assessores para pagar despesas pessoais ap\u00f3s alegar que [&hellip;]<\/p>\n","protected":false},"author":2,"featured_media":6802,"comment_status":"open","ping_status":"open","sticky":false,"template":"","format":"standard","meta":{"jnews-multi-image_gallery":[],"jnews_single_post":{"subtitle":"","format":"standard","video":"","gallery":"","source_name":"","source_url":"","via_name":"","via_url":"","override_template":"0","override":[{"template":"1","single_blog_custom":"","parallax":"1","fullscreen":"1","layout":"right-sidebar","sidebar":"default-sidebar","second_sidebar":"default-sidebar","sticky_sidebar":"1","share_position":"top","share_float_style":"share-monocrhome","show_share_counter":"0","show_view_counter":"0","show_featured":"1","show_post_meta":"1","show_post_author":"0","show_post_author_image":"1","show_post_date":"1","post_date_format":"default","post_date_format_custom":"Y\/m\/d","show_post_category":"1","show_post_reading_time":"0","post_reading_time_wpm":"300","show_zoom_button":"0","zoom_button_out_step":"2","zoom_button_in_step":"3","show_post_tag":"1","show_prev_next_post":"1","show_popup_post":"1","number_popup_post":"1","show_author_box":"0","show_post_related":"0","show_inline_post_related":"0"}],"override_image_size":"0","image_override":[{"single_post_thumbnail_size":"no-crop","single_post_gallery_size":"crop-715"}],"trending_post":"0","trending_post_position":"meta","trending_post_label":"Trending","sponsored_post":"0","sponsored_post_label":"Sponsored by","sponsored_post_name":"","sponsored_post_url":"","sponsored_post_logo_enable":"0","sponsored_post_logo":"","sponsored_post_desc":"","disable_ad":"0"},"jnews_primary_category":{"id":"","hide":""},"footnotes":""},"categories":[91],"tags":[],"class_list":["post-6801","post","type-post","status-publish","format-standard","has-post-thumbnail","hentry","category-politica"],"_links":{"self":[{"href":"https:\/\/cidadebaixaonline.com.br\/index.php\/wp-json\/wp\/v2\/posts\/6801","targetHints":{"allow":["GET"]}}],"collection":[{"href":"https:\/\/cidadebaixaonline.com.br\/index.php\/wp-json\/wp\/v2\/posts"}],"about":[{"href":"https:\/\/cidadebaixaonline.com.br\/index.php\/wp-json\/wp\/v2\/types\/post"}],"author":[{"embeddable":true,"href":"https:\/\/cidadebaixaonline.com.br\/index.php\/wp-json\/wp\/v2\/users\/2"}],"replies":[{"embeddable":true,"href":"https:\/\/cidadebaixaonline.com.br\/index.php\/wp-json\/wp\/v2\/comments?post=6801"}],"version-history":[{"count":1,"href":"https:\/\/cidadebaixaonline.com.br\/index.php\/wp-json\/wp\/v2\/posts\/6801\/revisions"}],"predecessor-version":[{"id":6803,"href":"https:\/\/cidadebaixaonline.com.br\/index.php\/wp-json\/wp\/v2\/posts\/6801\/revisions\/6803"}],"wp:featuredmedia":[{"embeddable":true,"href":"https:\/\/cidadebaixaonline.com.br\/index.php\/wp-json\/wp\/v2\/media\/6802"}],"wp:attachment":[{"href":"https:\/\/cidadebaixaonline.com.br\/index.php\/wp-json\/wp\/v2\/media?parent=6801"}],"wp:term":[{"taxonomy":"category","embeddable":true,"href":"https:\/\/cidadebaixaonline.com.br\/index.php\/wp-json\/wp\/v2\/categories?post=6801"},{"taxonomy":"post_tag","embeddable":true,"href":"https:\/\/cidadebaixaonline.com.br\/index.php\/wp-json\/wp\/v2\/tags?post=6801"}],"curies":[{"name":"wp","href":"https:\/\/api.w.org\/{rel}","templated":true}]}}