{"id":6798,"date":"2023-12-13T15:15:38","date_gmt":"2023-12-13T18:15:38","guid":{"rendered":"https:\/\/cidadebaixaonline.com.br\/?p=6798"},"modified":"2023-12-13T15:15:40","modified_gmt":"2023-12-13T18:15:40","slug":"elevador-lacerda-continuara-funcionando-durante-obra-de-requalificacao","status":"publish","type":"post","link":"https:\/\/cidadebaixaonline.com.br\/index.php\/2023\/12\/13\/elevador-lacerda-continuara-funcionando-durante-obra-de-requalificacao\/","title":{"rendered":"Elevador Lacerda continuar\u00e1 funcionando durante obra de requalifica\u00e7\u00e3o"},"content":{"rendered":"\n<p>O Elevador Lacerda vai\u00a0continuar funcionando\u00a0durante a reforma de qualifica\u00e7\u00e3o, prevista para come\u00e7ar j\u00e1 a partir desta quarta-feira (13). A informa\u00e7\u00e3o foi confirmada ao\u00a0iBahia\u00a0pela\u00a0Secretaria de Mobilidade (Semob).<\/p>\n\n\n\n<p>Segundo o prefeito Bruno Reis, a obra tem o prazo de 10 meses. A expectativa \u00e9 que, em caso de necessidade, o funcionamento seja alternado entre elevadores existentes.<\/p>\n\n\n\n<p>\u201cA obra ter\u00e1 prazo de 10 meses, e a gente j\u00e1 come\u00e7a as interven\u00e7\u00f5es agora. Em alguns momentos, iremos alternar o funcionamento dos elevadores existentes. Caso seja necess\u00e1rio interdit\u00e1-los, faremos que isso aconte\u00e7a no menor tempo poss\u00edvel\u201d, acrescentou.<\/p>\n\n\n\n<p>A ordem do servi\u00e7o para o in\u00edcio das interven\u00e7\u00f5es foi assinada nesta quarta, durante. O objetivo da obra \u00e9 resgatar as caracter\u00edsticas originais do equipamento. De acordo com a Prefeitura ser\u00e3o investidos R$11 milh\u00f5es na reforma.<\/p>\n\n\n\n<p>Atualmente, 22 mil usu\u00e1rios di\u00e1rios utilizam o equipamento para se deslocar entre as cidades Alta e Baixa.<\/p>\n\n\n\n<h3 class=\"wp-block-heading\">Projeto<\/h3>\n\n\n\n<p>O projeto da obra foi elaborado pela Funda\u00e7\u00e3o M\u00e1rio Leal Ferreira (FMLF) e prev\u00ea melhorias estruturais nos sagu\u00f5es que abrigam as quatro cabines dos elevadores. Ser\u00e3o implementados sistema de climatiza\u00e7\u00e3o at\u00e9 nova pintura.<\/p>\n\n\n\n<p>Ilumina\u00e7\u00e3o, revestimentos das paredes e do piso, assim como solu\u00e7\u00f5es para otimizar o fluxo de passageiros, manuten\u00e7\u00e3o da parte el\u00e9trica e mec\u00e2nica do ascensor tamb\u00e9m fazem parte do projeto.<\/p>\n\n\n\n<p>Al\u00e9m disso, o projeto inclui a libera\u00e7\u00e3o das varandas situadas nos espa\u00e7os laterais do acesso da Cidade Alta, na Pra\u00e7a Municipal. Para isso, a sorveteria A Cubana, instalada no Elevador Lacerda desde o final da d\u00e9cada de 1930 e que ainda hoje \u00e9 uma refer\u00eancia ligada ao monumento, ser\u00e1 realocada para o hall de acesso onde atualmente funciona o Centro de Informa\u00e7\u00f5es ao Turista.<\/p>\n\n\n\n<figure class=\"wp-block-image\"><img decoding=\"async\" src=\"https:\/\/cdn.ibahia.com\/img\/inline\/310000\/500x300\/Elevador-Lacerda-continuara-funcionando-durante-ob0031074501202312131337-6.webp?fallback=https%3A%2F%2Fcdn.ibahia.com%2Fimg%2Finline%2F310000%2FElevador-Lacerda-continuara-funcionando-durante-ob0031074501202312131337.jpg%3Fxid%3D1457708&amp;xid=1457708\" alt=\"\n\t\t\t\t\n\t\t\t\t\tElevador Lacerda continuar\u00e1 funcionando durante obra de requalifica\u00e7\u00e3o\n\t\t\t\t\n\t\t\t\t\"\/><\/figure>\n\n\n\n<p>A expectativa \u00e9 que com isso seja resgatado o car\u00e1ter original de varanda aberta dos espa\u00e7os laterais e melhorar o fluxo de movimento dos usu\u00e1rios do Elevador. A Prefeitura prev\u00ea ainda a cria\u00e7\u00e3o de bilheterias pr\u00f3ximas \u00e0s entradas, tanto na Pra\u00e7a Municipal, quanto no Com\u00e9rcio. A ideia \u00e9 evitar a forma\u00e7\u00e3o de filas longas nas catracas, sobretudo nos hor\u00e1rios de pico e em per\u00edodos de alta demanda.<\/p>\n\n\n\n<h3 class=\"wp-block-heading\">Hist\u00f3ria<\/h3>\n\n\n\n<p>Com 150 anos de exist\u00eancia, o Elevador Lacerda possui 72 metros de altura e chega a transportar passageiros num percurso que dura cerca de 20 segundos. O equipamento foi inaugurado em 8 de dezembro de 1873, dia da padroeira da Bahia, Nossa Senhora da Concei\u00e7\u00e3o &#8211; por esse motivo, inicialmente ele era chamado de Elevador Hidr\u00e1ulico da Concei\u00e7\u00e3o.<\/p>\n\n\n\n<p>Foi o primeiro elevador p\u00fablico e tamb\u00e9m o mais alto do mundo. Inicialmente, ele funcionava por um sistema hidr\u00e1ulico. Em 1896, passou a ser chamado oficialmente de Elevador Lacerda, em homenagem ao seu idealizador, Ant\u00f4nio Lacerda, sendo eletrificado em 1906.<\/p>\n\n\n\n<p>Essas e outras mudan\u00e7as foram introduzidas ao longo de sua hist\u00f3ria ap\u00f3s cinco grandes reformas e revis\u00f5es. Em 1930, o ascensor passou por uma moderniza\u00e7\u00e3o para a amplia\u00e7\u00e3o da altura (de 63 metros para os atuais 72 metros), ganhando uma nova torre e incremento do n\u00famero de cabines, seguindo um padr\u00e3o arquitet\u00f4nico de art d\u00e9co.<\/p>\n\n\n\n<p>O Elevador Lacerda \u00e9 patrim\u00f4nio hist\u00f3rico tombado pelo Iphan desde 2006.<\/p>\n\n\n\n<p>Fonte: iBahia <\/p>\n","protected":false},"excerpt":{"rendered":"<p>O Elevador Lacerda vai\u00a0continuar funcionando\u00a0durante a reforma de qualifica\u00e7\u00e3o, prevista para come\u00e7ar j\u00e1 a partir desta quarta-feira (13). A informa\u00e7\u00e3o foi confirmada ao\u00a0iBahia\u00a0pela\u00a0Secretaria de Mobilidade (Semob). Segundo o prefeito Bruno Reis, a obra tem o prazo de 10 meses. A expectativa \u00e9 que, em caso de necessidade, o funcionamento seja alternado entre elevadores existentes. \u201cA [&hellip;]<\/p>\n","protected":false},"author":2,"featured_media":6799,"comment_status":"open","ping_status":"open","sticky":false,"template":"","format":"standard","meta":{"jnews-multi-image_gallery":[],"jnews_single_post":{"subtitle":"","format":"standard","video":"","gallery":"","source_name":"","source_url":"","via_name":"","via_url":"","override_template":"0","override":[{"template":"1","single_blog_custom":"","parallax":"1","fullscreen":"1","layout":"right-sidebar","sidebar":"default-sidebar","second_sidebar":"default-sidebar","sticky_sidebar":"1","share_position":"top","share_float_style":"share-monocrhome","show_share_counter":"0","show_view_counter":"0","show_featured":"1","show_post_meta":"1","show_post_author":"0","show_post_author_image":"1","show_post_date":"1","post_date_format":"default","post_date_format_custom":"Y\/m\/d","show_post_category":"1","show_post_reading_time":"0","post_reading_time_wpm":"300","show_zoom_button":"0","zoom_button_out_step":"2","zoom_button_in_step":"3","show_post_tag":"1","show_prev_next_post":"1","show_popup_post":"1","number_popup_post":"1","show_author_box":"0","show_post_related":"0","show_inline_post_related":"0"}],"override_image_size":"0","image_override":[{"single_post_thumbnail_size":"no-crop","single_post_gallery_size":"crop-715"}],"trending_post":"0","trending_post_position":"meta","trending_post_label":"Trending","sponsored_post":"0","sponsored_post_label":"Sponsored by","sponsored_post_name":"","sponsored_post_url":"","sponsored_post_logo_enable":"0","sponsored_post_logo":"","sponsored_post_desc":"","disable_ad":"0"},"jnews_primary_category":{"id":"","hide":""},"footnotes":""},"categories":[85,91],"tags":[],"class_list":["post-6798","post","type-post","status-publish","format-standard","has-post-thumbnail","hentry","category-noticias","category-politica"],"_links":{"self":[{"href":"https:\/\/cidadebaixaonline.com.br\/index.php\/wp-json\/wp\/v2\/posts\/6798","targetHints":{"allow":["GET"]}}],"collection":[{"href":"https:\/\/cidadebaixaonline.com.br\/index.php\/wp-json\/wp\/v2\/posts"}],"about":[{"href":"https:\/\/cidadebaixaonline.com.br\/index.php\/wp-json\/wp\/v2\/types\/post"}],"author":[{"embeddable":true,"href":"https:\/\/cidadebaixaonline.com.br\/index.php\/wp-json\/wp\/v2\/users\/2"}],"replies":[{"embeddable":true,"href":"https:\/\/cidadebaixaonline.com.br\/index.php\/wp-json\/wp\/v2\/comments?post=6798"}],"version-history":[{"count":1,"href":"https:\/\/cidadebaixaonline.com.br\/index.php\/wp-json\/wp\/v2\/posts\/6798\/revisions"}],"predecessor-version":[{"id":6800,"href":"https:\/\/cidadebaixaonline.com.br\/index.php\/wp-json\/wp\/v2\/posts\/6798\/revisions\/6800"}],"wp:featuredmedia":[{"embeddable":true,"href":"https:\/\/cidadebaixaonline.com.br\/index.php\/wp-json\/wp\/v2\/media\/6799"}],"wp:attachment":[{"href":"https:\/\/cidadebaixaonline.com.br\/index.php\/wp-json\/wp\/v2\/media?parent=6798"}],"wp:term":[{"taxonomy":"category","embeddable":true,"href":"https:\/\/cidadebaixaonline.com.br\/index.php\/wp-json\/wp\/v2\/categories?post=6798"},{"taxonomy":"post_tag","embeddable":true,"href":"https:\/\/cidadebaixaonline.com.br\/index.php\/wp-json\/wp\/v2\/tags?post=6798"}],"curies":[{"name":"wp","href":"https:\/\/api.w.org\/{rel}","templated":true}]}}