{"id":6777,"date":"2023-12-13T14:04:04","date_gmt":"2023-12-13T17:04:04","guid":{"rendered":"https:\/\/cidadebaixaonline.com.br\/?p=6777"},"modified":"2023-12-13T14:04:06","modified_gmt":"2023-12-13T17:04:06","slug":"presidente-da-upb-cancela-exposicao-em-cidade-baiana-em-que-e-prefeito-devido-a-estiagem","status":"publish","type":"post","link":"https:\/\/cidadebaixaonline.com.br\/index.php\/2023\/12\/13\/presidente-da-upb-cancela-exposicao-em-cidade-baiana-em-que-e-prefeito-devido-a-estiagem\/","title":{"rendered":"Presidente da UPB cancela exposi\u00e7\u00e3o em cidade baiana em que \u00e9 prefeito devido \u00e0 estiagem"},"content":{"rendered":"\n<p>A exposi\u00e7\u00e3o agropecu\u00e1ria de\u00a0Belo Campo, no Sudoeste baiano, foi cancelada. A medida foi anunciada nesta quarta-feira (13) pelo prefeito Quinho, que tamb\u00e9m \u00e9 presidente da Uni\u00e3o dos Munic\u00edpios da Bahia (UPB). Segundo o gestor, a medida foi tomada devido aos efeitos da estiagem que afetam a regi\u00e3o. Fica tamb\u00e9m cancelada a festa de 62 anos de emancipa\u00e7\u00e3o do munic\u00edpio.<\/p>\n\n\n\n<p>Em nota, a prefeitura de Belo Campo declarou que esfor\u00e7os e recursos devem ser empregados em a\u00e7\u00f5es para minimizar \u201cos efeitos da seca, na constru\u00e7\u00e3o de pol\u00edticas p\u00fablicas emergenciais e de longo prazo\u201d. A festa de emancipa\u00e7\u00e3o e a 4\u00aa Exposi\u00e7\u00e3o Agropecu\u00e1ria ocorreriam entre 21 e 25 de fevereiro de 2024. Apenas a programa\u00e7\u00e3o esportiva deve ocorrer.<\/p>\n\n\n\n<figure class=\"wp-block-image\"><img decoding=\"async\" src=\"https:\/\/www.bahianoticias.com.br\/fotos\/municipios_noticias\/37265\/mg\/quinho%20upb.jpg\" alt=\"\"\/><\/figure>\n\n\n\n<p>A prefeitura informou ainda que busca apoio dos governos estadual e federal para conseguir carros-pipa, cestas b\u00e1sicas e ra\u00e7\u00e3o para alimenta\u00e7\u00e3o animal.<\/p>\n\n\n\n<p>\u201cA prefeitura de Belo Campo reitera que est\u00e1 solid\u00e1ria e ao lado dos moradores da zona rural do munic\u00edpio, colocando toda sua estrutura \u00e0 disposi\u00e7\u00e3o da popula\u00e7\u00e3o que sofre com a seca e aberta a receber as demandas para o enfrentamento das graves consequ\u00eancias da falta de chuvas na regi\u00e3o\u201d, finaliza a nota.<\/p>\n\n\n\n<p>Fonte: Bahia Not\u00edcias <\/p>\n","protected":false},"excerpt":{"rendered":"<p>A exposi\u00e7\u00e3o agropecu\u00e1ria de\u00a0Belo Campo, no Sudoeste baiano, foi cancelada. A medida foi anunciada nesta quarta-feira (13) pelo prefeito Quinho, que tamb\u00e9m \u00e9 presidente da Uni\u00e3o dos Munic\u00edpios da Bahia (UPB). Segundo o gestor, a medida foi tomada devido aos efeitos da estiagem que afetam a regi\u00e3o. Fica tamb\u00e9m cancelada a festa de 62 anos [&hellip;]<\/p>\n","protected":false},"author":2,"featured_media":6778,"comment_status":"open","ping_status":"open","sticky":false,"template":"","format":"standard","meta":{"jnews-multi-image_gallery":[],"jnews_single_post":{"subtitle":"","format":"standard","video":"","gallery":"","source_name":"","source_url":"","via_name":"","via_url":"","override_template":"0","override":[{"template":"1","single_blog_custom":"","parallax":"1","fullscreen":"1","layout":"right-sidebar","sidebar":"default-sidebar","second_sidebar":"default-sidebar","sticky_sidebar":"1","share_position":"top","share_float_style":"share-monocrhome","show_share_counter":"0","show_view_counter":"0","show_featured":"1","show_post_meta":"1","show_post_author":"0","show_post_author_image":"1","show_post_date":"1","post_date_format":"default","post_date_format_custom":"Y\/m\/d","show_post_category":"1","show_post_reading_time":"0","post_reading_time_wpm":"300","show_zoom_button":"0","zoom_button_out_step":"2","zoom_button_in_step":"3","show_post_tag":"1","show_prev_next_post":"1","show_popup_post":"1","number_popup_post":"1","show_author_box":"0","show_post_related":"0","show_inline_post_related":"0"}],"override_image_size":"0","image_override":[{"single_post_thumbnail_size":"no-crop","single_post_gallery_size":"crop-715"}],"trending_post":"0","trending_post_position":"meta","trending_post_label":"Trending","sponsored_post":"0","sponsored_post_label":"Sponsored by","sponsored_post_name":"","sponsored_post_url":"","sponsored_post_logo_enable":"0","sponsored_post_logo":"","sponsored_post_desc":"","disable_ad":"0"},"jnews_primary_category":{"id":"","hide":""},"footnotes":""},"categories":[85],"tags":[],"class_list":["post-6777","post","type-post","status-publish","format-standard","has-post-thumbnail","hentry","category-noticias"],"_links":{"self":[{"href":"https:\/\/cidadebaixaonline.com.br\/index.php\/wp-json\/wp\/v2\/posts\/6777","targetHints":{"allow":["GET"]}}],"collection":[{"href":"https:\/\/cidadebaixaonline.com.br\/index.php\/wp-json\/wp\/v2\/posts"}],"about":[{"href":"https:\/\/cidadebaixaonline.com.br\/index.php\/wp-json\/wp\/v2\/types\/post"}],"author":[{"embeddable":true,"href":"https:\/\/cidadebaixaonline.com.br\/index.php\/wp-json\/wp\/v2\/users\/2"}],"replies":[{"embeddable":true,"href":"https:\/\/cidadebaixaonline.com.br\/index.php\/wp-json\/wp\/v2\/comments?post=6777"}],"version-history":[{"count":1,"href":"https:\/\/cidadebaixaonline.com.br\/index.php\/wp-json\/wp\/v2\/posts\/6777\/revisions"}],"predecessor-version":[{"id":6779,"href":"https:\/\/cidadebaixaonline.com.br\/index.php\/wp-json\/wp\/v2\/posts\/6777\/revisions\/6779"}],"wp:featuredmedia":[{"embeddable":true,"href":"https:\/\/cidadebaixaonline.com.br\/index.php\/wp-json\/wp\/v2\/media\/6778"}],"wp:attachment":[{"href":"https:\/\/cidadebaixaonline.com.br\/index.php\/wp-json\/wp\/v2\/media?parent=6777"}],"wp:term":[{"taxonomy":"category","embeddable":true,"href":"https:\/\/cidadebaixaonline.com.br\/index.php\/wp-json\/wp\/v2\/categories?post=6777"},{"taxonomy":"post_tag","embeddable":true,"href":"https:\/\/cidadebaixaonline.com.br\/index.php\/wp-json\/wp\/v2\/tags?post=6777"}],"curies":[{"name":"wp","href":"https:\/\/api.w.org\/{rel}","templated":true}]}}