{"id":6750,"date":"2023-12-13T10:37:03","date_gmt":"2023-12-13T13:37:03","guid":{"rendered":"https:\/\/cidadebaixaonline.com.br\/?p=6750"},"modified":"2023-12-13T10:37:05","modified_gmt":"2023-12-13T13:37:05","slug":"divida-do-fies-podera-ser-abatida-com-prestacao-de-servico-publico","status":"publish","type":"post","link":"https:\/\/cidadebaixaonline.com.br\/index.php\/2023\/12\/13\/divida-do-fies-podera-ser-abatida-com-prestacao-de-servico-publico\/","title":{"rendered":"D\u00edvida do Fies poder\u00e1 ser abatida com presta\u00e7\u00e3o de servi\u00e7o p\u00fablico"},"content":{"rendered":"\n<p>A Comiss\u00e3o de Educa\u00e7\u00e3o do Senado aprovou, nesta ter\u00e7a-feira (12), proposta que prev\u00ea a possibilidade de estudantes com d\u00edvidas do Fundo de Financiamento Estudantil (Fies) saldarem parte de seus d\u00e9bitos prestando servi\u00e7o p\u00fablico. Aprovada em car\u00e1ter n\u00e3o terminativo, a mat\u00e9ria segue agora para avalia\u00e7\u00e3o da Comiss\u00e3o de Assuntos Econ\u00f4micos (CAE).&nbsp;<\/p>\n\n\n\n<p>Apresentada pela senadora Dorinha Seabra (Uni\u00e3o-TO), a sugest\u00e3o \u00e9 uma alternativa \u00e0 proposta original do Projeto de Lei (PL) 3652\/2023, que propunha o perd\u00e3o integral das d\u00edvidas de estudantes contemplados no programa<\/p>\n\n\n\n<p>No texto substitutivo, a senadora incluiu a possibilidade dos devedores abaterem suas d\u00edvidas participando de programas de apoio ao servi\u00e7o p\u00fablico nas \u00e1reas da sa\u00fade, educa\u00e7\u00e3o, assist\u00eancia social, entre outros.<\/p>\n\n\n\n<p>O texto aprovado estabelece que, para cada semana de trabalho, com carga hor\u00e1ria de, no m\u00ednimo, 20 horas, o estudante com d\u00edvidas com o Fies far\u00e1 jus ao abatimento de uma presta\u00e7\u00e3o, al\u00e9m de ter ressarcidos os gastos com transporte e alimenta\u00e7\u00e3o.<\/p>\n\n\n\n<p>\u201cNo meu voto, e no texto do substitutivo, fica assegurado que essa an\u00e1lise ser\u00e1 feita. E h\u00e1, inclusive, uma regra de compensa\u00e7\u00e3o; que assistentes sociais, professores e enfermeiros, por exemplo, possam prestar um determinado n\u00famero de horas de servi\u00e7os \u00e0 institui\u00e7\u00f5es p\u00fablicas\u201d, explicou a relatora Dorinha Seabra (Uni\u00e3o-TO), destacando a necessidade dos benefici\u00e1rios do Fies restitu\u00edrem os valores recebidos a fim de n\u00e3o comprometer a continuidade do programa.<\/p>\n\n\n\n<p>\u201cO FIES \u00e9 um importante programa n\u00e3o s\u00f3 de amplia\u00e7\u00e3o de acesso [ao ensino superior], mas de financiamento. E, por isso, obviamente, ele tem que ter recursos [dispon\u00edveis] para continuar esse financiamento. Sabemos que \u00e9 o pagamento feito por quem obteve o financiamento que mant\u00e9m o programa funcionando\u201d, justificou a senadora, defendendo a an\u00e1lise caso a caso para, quando poss\u00edvel, \u201cestabelecer a contrapresta\u00e7\u00e3o do servi\u00e7o\u201d.<\/p>\n\n\n\n<p>Para o presidente da Comiss\u00e3o de Educa\u00e7\u00e3o, senador Fl\u00e1vio Arns (PSB-PR), a contrapartida proposta em substitui\u00e7\u00e3o ao perd\u00e3o irrestrito das d\u00edvidas tem uma vantagem adicional: a de promover o ingresso de rec\u00e9m-formados em suas profiss\u00f5es. \u201c\u00c9 bom para a pessoa que se forma e que est\u00e1 procurando alternativas de trabalho, para se manter\u201d, disse Arns.&nbsp;<\/p>\n\n\n\n<p>Ind\u00edgenas<br>Os membros do colegiado tamb\u00e9m aprovaram a proposta que inclui as mulheres ind\u00edgenas em pol\u00edticas p\u00fablicas de combate \u00e0 viol\u00eancia e de promo\u00e7\u00e3o da sa\u00fade e da educa\u00e7\u00e3o. De autoria da C\u00e2mara dos Deputados, o Projeto de Lei 2975\/2023 altera o Decreto 2848\/1940 (C\u00f3digo Penal) e as leis 11340\/2006 (Maria da Penha); 8080\/1990 (Lei Org\u00e2nica da Sa\u00fade) e 9394\/1996 (Lei de Diretriz e Bases da Educa\u00e7\u00e3o). N\u00e3o terminativo, o projeto segue para an\u00e1lise da Comiss\u00e3o de Assuntos Sociais.<\/p>\n\n\n\n<p>\u201cO PL em exame determina que as condi\u00e7\u00f5es e necessidades espec\u00edficas \u00e0s mulheres ind\u00edgenas devem ser consideradas na formula\u00e7\u00e3o e implementa\u00e7\u00e3o de pol\u00edticas p\u00fablicas e para o acatamento das respectivas diretrizes\u201d, conclui o relat\u00f3rio aprovado. \u201cA medida \u00e9 acertada, pois permitir\u00e1 o enriquecimento da perspectiva inclusiva na formula\u00e7\u00e3o de a\u00e7\u00f5es de combate \u00e0 viol\u00eancia dom\u00e9stica e familiar contra a mulher, inclusive naquelas mais pertinentes ao segmento educacional\u201d.<\/p>\n\n\n\n<p>Se o projeto for aprovado tamb\u00e9m pela Comiss\u00e3o de Assuntos Sociais e pelo Plen\u00e1rio do Senado, o fato de um crime ser cometido contra um ind\u00edgena passar\u00e1 a ser considerado um agravante. Al\u00e9m disso, a elabora\u00e7\u00e3o de pol\u00edticas p\u00fablicas ter\u00e3o que, obrigatoriamente, levar em conta as particularidades e necessidades das mulheres ind\u00edgenas, que ter\u00e3o espa\u00e7o garantido na defini\u00e7\u00e3o e execu\u00e7\u00e3o de programas de educa\u00e7\u00e3o ind\u00edgena.<\/p>\n\n\n\n<p>Fonte: Varela Net <\/p>\n","protected":false},"excerpt":{"rendered":"<p>A Comiss\u00e3o de Educa\u00e7\u00e3o do Senado aprovou, nesta ter\u00e7a-feira (12), proposta que prev\u00ea a possibilidade de estudantes com d\u00edvidas do Fundo de Financiamento Estudantil (Fies) saldarem parte de seus d\u00e9bitos prestando servi\u00e7o p\u00fablico. Aprovada em car\u00e1ter n\u00e3o terminativo, a mat\u00e9ria segue agora para avalia\u00e7\u00e3o da Comiss\u00e3o de Assuntos Econ\u00f4micos (CAE).&nbsp; Apresentada pela senadora Dorinha Seabra [&hellip;]<\/p>\n","protected":false},"author":2,"featured_media":6751,"comment_status":"open","ping_status":"open","sticky":false,"template":"","format":"standard","meta":{"jnews-multi-image_gallery":[],"jnews_single_post":{"subtitle":"","format":"standard","video":"","gallery":"","source_name":"","source_url":"","via_name":"","via_url":"","override_template":"0","override":[{"template":"1","single_blog_custom":"","parallax":"1","fullscreen":"1","layout":"right-sidebar","sidebar":"default-sidebar","second_sidebar":"default-sidebar","sticky_sidebar":"1","share_position":"top","share_float_style":"share-monocrhome","show_share_counter":"0","show_view_counter":"0","show_featured":"1","show_post_meta":"1","show_post_author":"0","show_post_author_image":"1","show_post_date":"1","post_date_format":"default","post_date_format_custom":"Y\/m\/d","show_post_category":"1","show_post_reading_time":"0","post_reading_time_wpm":"300","show_zoom_button":"0","zoom_button_out_step":"2","zoom_button_in_step":"3","show_post_tag":"1","show_prev_next_post":"1","show_popup_post":"1","number_popup_post":"1","show_author_box":"0","show_post_related":"0","show_inline_post_related":"0"}],"override_image_size":"0","image_override":[{"single_post_thumbnail_size":"no-crop","single_post_gallery_size":"crop-715"}],"trending_post":"0","trending_post_position":"meta","trending_post_label":"Trending","sponsored_post":"0","sponsored_post_label":"Sponsored by","sponsored_post_name":"","sponsored_post_url":"","sponsored_post_logo_enable":"0","sponsored_post_logo":"","sponsored_post_desc":"","disable_ad":"0"},"jnews_primary_category":{"id":"","hide":""},"footnotes":""},"categories":[91],"tags":[],"class_list":["post-6750","post","type-post","status-publish","format-standard","has-post-thumbnail","hentry","category-politica"],"_links":{"self":[{"href":"https:\/\/cidadebaixaonline.com.br\/index.php\/wp-json\/wp\/v2\/posts\/6750","targetHints":{"allow":["GET"]}}],"collection":[{"href":"https:\/\/cidadebaixaonline.com.br\/index.php\/wp-json\/wp\/v2\/posts"}],"about":[{"href":"https:\/\/cidadebaixaonline.com.br\/index.php\/wp-json\/wp\/v2\/types\/post"}],"author":[{"embeddable":true,"href":"https:\/\/cidadebaixaonline.com.br\/index.php\/wp-json\/wp\/v2\/users\/2"}],"replies":[{"embeddable":true,"href":"https:\/\/cidadebaixaonline.com.br\/index.php\/wp-json\/wp\/v2\/comments?post=6750"}],"version-history":[{"count":1,"href":"https:\/\/cidadebaixaonline.com.br\/index.php\/wp-json\/wp\/v2\/posts\/6750\/revisions"}],"predecessor-version":[{"id":6752,"href":"https:\/\/cidadebaixaonline.com.br\/index.php\/wp-json\/wp\/v2\/posts\/6750\/revisions\/6752"}],"wp:featuredmedia":[{"embeddable":true,"href":"https:\/\/cidadebaixaonline.com.br\/index.php\/wp-json\/wp\/v2\/media\/6751"}],"wp:attachment":[{"href":"https:\/\/cidadebaixaonline.com.br\/index.php\/wp-json\/wp\/v2\/media?parent=6750"}],"wp:term":[{"taxonomy":"category","embeddable":true,"href":"https:\/\/cidadebaixaonline.com.br\/index.php\/wp-json\/wp\/v2\/categories?post=6750"},{"taxonomy":"post_tag","embeddable":true,"href":"https:\/\/cidadebaixaonline.com.br\/index.php\/wp-json\/wp\/v2\/tags?post=6750"}],"curies":[{"name":"wp","href":"https:\/\/api.w.org\/{rel}","templated":true}]}}