{"id":6701,"date":"2023-12-12T12:09:11","date_gmt":"2023-12-12T15:09:11","guid":{"rendered":"https:\/\/cidadebaixaonline.com.br\/?p=6701"},"modified":"2023-12-12T12:09:12","modified_gmt":"2023-12-12T15:09:12","slug":"prefeitura-inaugura-centro-de-formacao-de-professores-emilia-ferreira","status":"publish","type":"post","link":"https:\/\/cidadebaixaonline.com.br\/index.php\/2023\/12\/12\/prefeitura-inaugura-centro-de-formacao-de-professores-emilia-ferreira\/","title":{"rendered":"Prefeitura inaugura Centro de Forma\u00e7\u00e3o de Professores Em\u00edlia Ferreira"},"content":{"rendered":"\n<p>A Prefeitura de Salvador inaugurou nesta segunda-feira (11) o Centro de Forma\u00e7\u00e3o Em\u00edlia Ferreiro, um in\u00e9dito equipamento na capital baiana que ser\u00e1 dedicado \u00e0 capacita\u00e7\u00e3o dos educadores e outros profissionais que atuam na Rede Municipal de Educa\u00e7\u00e3o.<\/p>\n\n\n\n<p>O evento reuniu centenas de professores, coordenadores pedag\u00f3gicos e outros servidores no pr\u00e9dio, localizado no Costa Azul. Eles puderam conhecer a grande estrutura ao lado do prefeito Bruno Reis e do secret\u00e1rio de Educa\u00e7\u00e3o (Smed), Thiago Dantas.<\/p>\n\n\n\n<p>O Centro de Forma\u00e7\u00e3o ocupa tr\u00eas andares do edif\u00edcio Civil Towers, na Rua Arthur de Azev\u00eado Machado, no Costa Azul. Possui 2 mil metros quadrados de \u00e1rea com 16 salas de aula, todas climatizadas, com capacidade para 35 pessoas em cada.<\/p>\n\n\n\n<p>Al\u00e9m disso, tem um audit\u00f3rio e um miniaudit\u00f3rio com 107 e 60 lugares, respectivamente. O equipamento pode receber mais de 700 pessoas por turno. O espa\u00e7o ainda conta com biblioteca de pesquisa, refeit\u00f3rio, plen\u00e1ria, foyer, sala de conviv\u00eancia, recep\u00e7\u00e3o exclusiva e garagens privativas.<\/p>\n\n\n\n<p>Al\u00e9m do porte, o Centro de Forma\u00e7\u00e3o Em\u00edlia Ferreiro destaca-se como o mais inovador e tecnol\u00f3gico do Norte e Nordeste. Al\u00e9m de disponibilizar salas espec\u00edficas para treinamento em ferramentas pedag\u00f3gicas digitais, como o Ambiente Virtual de Aprendizagem (AVA) e a plataforma Tech4Kids, o equipamento conta com sala de inform\u00e1tica, est\u00fadio de grava\u00e7\u00e3o de videoaulas e um moderno sistema multim\u00eddia integrado que possibilita a transmiss\u00e3o simult\u00e2nea das atividades desenvolvidas (cursos, palestras, debates, entre outros).<\/p>\n\n\n\n<p>O prefeito Bruno Reis destacou o ineditismo do centro:<\/p>\n\n\n\n<p><em>\u201cA gente precisava fechar esse ano com um grande presente para a rede. Por tudo o que constru\u00edmos, em especial a enorme ades\u00e3o ao Prosa (Programa Salvador Avalia) e ao Saeb (Sistema de Avalia\u00e7\u00e3o da Educa\u00e7\u00e3o B\u00e1sica). Pelo empenho de toda a rede e pelo clima que a gente vive hoje com os professores. A gente quer que aqui seja o ponto de encontro da rede para troca de experi\u00eancias, para interagir, para voc\u00eas utilizarem da melhor forma. Isso aqui \u00e9 para voc\u00eas\u201d,<\/em>&nbsp;disse.<\/p>\n\n\n\n<p>Fonte: Varela Net <\/p>\n","protected":false},"excerpt":{"rendered":"<p>A Prefeitura de Salvador inaugurou nesta segunda-feira (11) o Centro de Forma\u00e7\u00e3o Em\u00edlia Ferreiro, um in\u00e9dito equipamento na capital baiana que ser\u00e1 dedicado \u00e0 capacita\u00e7\u00e3o dos educadores e outros profissionais que atuam na Rede Municipal de Educa\u00e7\u00e3o. O evento reuniu centenas de professores, coordenadores pedag\u00f3gicos e outros servidores no pr\u00e9dio, localizado no Costa Azul. Eles [&hellip;]<\/p>\n","protected":false},"author":2,"featured_media":6702,"comment_status":"open","ping_status":"open","sticky":false,"template":"","format":"standard","meta":{"jnews-multi-image_gallery":[],"jnews_single_post":{"subtitle":"","format":"standard","video":"","gallery":"","source_name":"","source_url":"","via_name":"","via_url":"","override_template":"0","override":[{"template":"1","single_blog_custom":"","parallax":"1","fullscreen":"1","layout":"right-sidebar","sidebar":"default-sidebar","second_sidebar":"default-sidebar","sticky_sidebar":"1","share_position":"top","share_float_style":"share-monocrhome","show_share_counter":"0","show_view_counter":"0","show_featured":"1","show_post_meta":"1","show_post_author":"0","show_post_author_image":"1","show_post_date":"1","post_date_format":"default","post_date_format_custom":"Y\/m\/d","show_post_category":"1","show_post_reading_time":"0","post_reading_time_wpm":"300","show_zoom_button":"0","zoom_button_out_step":"2","zoom_button_in_step":"3","show_post_tag":"1","show_prev_next_post":"1","show_popup_post":"1","number_popup_post":"1","show_author_box":"0","show_post_related":"0","show_inline_post_related":"0"}],"override_image_size":"0","image_override":[{"single_post_thumbnail_size":"no-crop","single_post_gallery_size":"crop-715"}],"trending_post":"0","trending_post_position":"meta","trending_post_label":"Trending","sponsored_post":"0","sponsored_post_label":"Sponsored by","sponsored_post_name":"","sponsored_post_url":"","sponsored_post_logo_enable":"0","sponsored_post_logo":"","sponsored_post_desc":"","disable_ad":"0"},"jnews_primary_category":{"id":"","hide":""},"footnotes":""},"categories":[91],"tags":[],"class_list":["post-6701","post","type-post","status-publish","format-standard","has-post-thumbnail","hentry","category-politica"],"_links":{"self":[{"href":"https:\/\/cidadebaixaonline.com.br\/index.php\/wp-json\/wp\/v2\/posts\/6701","targetHints":{"allow":["GET"]}}],"collection":[{"href":"https:\/\/cidadebaixaonline.com.br\/index.php\/wp-json\/wp\/v2\/posts"}],"about":[{"href":"https:\/\/cidadebaixaonline.com.br\/index.php\/wp-json\/wp\/v2\/types\/post"}],"author":[{"embeddable":true,"href":"https:\/\/cidadebaixaonline.com.br\/index.php\/wp-json\/wp\/v2\/users\/2"}],"replies":[{"embeddable":true,"href":"https:\/\/cidadebaixaonline.com.br\/index.php\/wp-json\/wp\/v2\/comments?post=6701"}],"version-history":[{"count":1,"href":"https:\/\/cidadebaixaonline.com.br\/index.php\/wp-json\/wp\/v2\/posts\/6701\/revisions"}],"predecessor-version":[{"id":6703,"href":"https:\/\/cidadebaixaonline.com.br\/index.php\/wp-json\/wp\/v2\/posts\/6701\/revisions\/6703"}],"wp:featuredmedia":[{"embeddable":true,"href":"https:\/\/cidadebaixaonline.com.br\/index.php\/wp-json\/wp\/v2\/media\/6702"}],"wp:attachment":[{"href":"https:\/\/cidadebaixaonline.com.br\/index.php\/wp-json\/wp\/v2\/media?parent=6701"}],"wp:term":[{"taxonomy":"category","embeddable":true,"href":"https:\/\/cidadebaixaonline.com.br\/index.php\/wp-json\/wp\/v2\/categories?post=6701"},{"taxonomy":"post_tag","embeddable":true,"href":"https:\/\/cidadebaixaonline.com.br\/index.php\/wp-json\/wp\/v2\/tags?post=6701"}],"curies":[{"name":"wp","href":"https:\/\/api.w.org\/{rel}","templated":true}]}}