{"id":6644,"date":"2023-12-07T11:07:33","date_gmt":"2023-12-07T14:07:33","guid":{"rendered":"https:\/\/cidadebaixaonline.com.br\/?p=6644"},"modified":"2023-12-07T11:07:35","modified_gmt":"2023-12-07T14:07:35","slug":"revisao-anual-de-precos-de-servicos-prestados-ao-sus-e-aprovado-no-senado","status":"publish","type":"post","link":"https:\/\/cidadebaixaonline.com.br\/index.php\/2023\/12\/07\/revisao-anual-de-precos-de-servicos-prestados-ao-sus-e-aprovado-no-senado\/","title":{"rendered":"Revis\u00e3o anual de pre\u00e7os de servi\u00e7os prestados ao SUS \u00e9 aprovado no Senado"},"content":{"rendered":"\n<p>O Senado Federal aprovou nesta quarta-feira (6) o projeto de lei que estabelece a revis\u00e3o anual do pagamento dos servi\u00e7os privados, oferecidos ao Sistema \u00danico de Sa\u00fade (SUS). Ap\u00f3s a aprova\u00e7\u00e3o, o texto segue para san\u00e7\u00e3o do presidente Luiz In\u00e1cio Lula da Silva.&nbsp;<\/p>\n\n\n\n<p>O PL determina a revis\u00e3o anual dos servi\u00e7os prestados pelas entidades privadas, como hospitais filantr\u00f3picos. A revis\u00e3o deve ocorrer no m\u00eas de dezembro de cada ano e ser\u00e1 de responsabilidade do Minist\u00e9rio da Sa\u00fade. A pasta deve acompanhar alguns crit\u00e9rios de disponibilidade or\u00e7ament\u00e1ria e financeira.<\/p>\n\n\n\n<p>A proposta projetava ainda o reajuste dos pre\u00e7os atrelado ao IPCA. O c\u00e1lculo de revis\u00e3o foi alterado ap\u00f3s uma emenda do l\u00edder do governo, senador Jaques Wagner (PT-BA). A mudan\u00e7a aconteceu por conta do uso do IPCA ser vedado pela Lei de Responsabilidade Fiscal.<\/p>\n\n\n\n<p>O Projeto de Lei estabelece ainda que caso o atendimento pelo SUS for considerado insuficiente, o sistema poder\u00e1 recorrer aos servi\u00e7os privados, modificando a Lei Org\u00e2nica da Sa\u00fade.<\/p>\n\n\n\n<p>Fonte: Bahia Not\u00edcias <\/p>\n","protected":false},"excerpt":{"rendered":"<p>O Senado Federal aprovou nesta quarta-feira (6) o projeto de lei que estabelece a revis\u00e3o anual do pagamento dos servi\u00e7os privados, oferecidos ao Sistema \u00danico de Sa\u00fade (SUS). Ap\u00f3s a aprova\u00e7\u00e3o, o texto segue para san\u00e7\u00e3o do presidente Luiz In\u00e1cio Lula da Silva.&nbsp; O PL determina a revis\u00e3o anual dos servi\u00e7os prestados pelas entidades privadas, [&hellip;]<\/p>\n","protected":false},"author":2,"featured_media":6645,"comment_status":"open","ping_status":"open","sticky":false,"template":"","format":"standard","meta":{"jnews-multi-image_gallery":[],"jnews_single_post":{"subtitle":"","format":"standard","video":"","gallery":"","source_name":"","source_url":"","via_name":"","via_url":"","override_template":"0","override":[{"template":"1","single_blog_custom":"","parallax":"1","fullscreen":"1","layout":"right-sidebar","sidebar":"default-sidebar","second_sidebar":"default-sidebar","sticky_sidebar":"1","share_position":"top","share_float_style":"share-monocrhome","show_share_counter":"0","show_view_counter":"0","show_featured":"1","show_post_meta":"1","show_post_author":"0","show_post_author_image":"1","show_post_date":"1","post_date_format":"default","post_date_format_custom":"Y\/m\/d","show_post_category":"1","show_post_reading_time":"0","post_reading_time_wpm":"300","show_zoom_button":"0","zoom_button_out_step":"2","zoom_button_in_step":"3","show_post_tag":"1","show_prev_next_post":"1","show_popup_post":"1","number_popup_post":"1","show_author_box":"0","show_post_related":"0","show_inline_post_related":"0"}],"override_image_size":"0","image_override":[{"single_post_thumbnail_size":"no-crop","single_post_gallery_size":"crop-715"}],"trending_post":"0","trending_post_position":"meta","trending_post_label":"Trending","sponsored_post":"0","sponsored_post_label":"Sponsored by","sponsored_post_name":"","sponsored_post_url":"","sponsored_post_logo_enable":"0","sponsored_post_logo":"","sponsored_post_desc":"","disable_ad":"0"},"jnews_primary_category":{"id":"","hide":""},"footnotes":""},"categories":[94],"tags":[],"class_list":["post-6644","post","type-post","status-publish","format-standard","has-post-thumbnail","hentry","category-saude-2"],"_links":{"self":[{"href":"https:\/\/cidadebaixaonline.com.br\/index.php\/wp-json\/wp\/v2\/posts\/6644","targetHints":{"allow":["GET"]}}],"collection":[{"href":"https:\/\/cidadebaixaonline.com.br\/index.php\/wp-json\/wp\/v2\/posts"}],"about":[{"href":"https:\/\/cidadebaixaonline.com.br\/index.php\/wp-json\/wp\/v2\/types\/post"}],"author":[{"embeddable":true,"href":"https:\/\/cidadebaixaonline.com.br\/index.php\/wp-json\/wp\/v2\/users\/2"}],"replies":[{"embeddable":true,"href":"https:\/\/cidadebaixaonline.com.br\/index.php\/wp-json\/wp\/v2\/comments?post=6644"}],"version-history":[{"count":1,"href":"https:\/\/cidadebaixaonline.com.br\/index.php\/wp-json\/wp\/v2\/posts\/6644\/revisions"}],"predecessor-version":[{"id":6646,"href":"https:\/\/cidadebaixaonline.com.br\/index.php\/wp-json\/wp\/v2\/posts\/6644\/revisions\/6646"}],"wp:featuredmedia":[{"embeddable":true,"href":"https:\/\/cidadebaixaonline.com.br\/index.php\/wp-json\/wp\/v2\/media\/6645"}],"wp:attachment":[{"href":"https:\/\/cidadebaixaonline.com.br\/index.php\/wp-json\/wp\/v2\/media?parent=6644"}],"wp:term":[{"taxonomy":"category","embeddable":true,"href":"https:\/\/cidadebaixaonline.com.br\/index.php\/wp-json\/wp\/v2\/categories?post=6644"},{"taxonomy":"post_tag","embeddable":true,"href":"https:\/\/cidadebaixaonline.com.br\/index.php\/wp-json\/wp\/v2\/tags?post=6644"}],"curies":[{"name":"wp","href":"https:\/\/api.w.org\/{rel}","templated":true}]}}