{"id":6614,"date":"2023-12-06T14:33:08","date_gmt":"2023-12-06T17:33:08","guid":{"rendered":"https:\/\/cidadebaixaonline.com.br\/?p=6614"},"modified":"2023-12-06T14:33:10","modified_gmt":"2023-12-06T17:33:10","slug":"salvador-sera-uma-das-cidades-sede-do-g20-em-2024","status":"publish","type":"post","link":"https:\/\/cidadebaixaonline.com.br\/index.php\/2023\/12\/06\/salvador-sera-uma-das-cidades-sede-do-g20-em-2024\/","title":{"rendered":"Salvador ser\u00e1 uma das cidades-sede do G20 em 2024"},"content":{"rendered":"\n<p>O prefeito Bruno Reis confirmou nesta quarta-feira (6) que Salvador ser\u00e1 uma das 13 cidades-sede que receber\u00e3o reuni\u00f5es tem\u00e1ticas do G20 no pr\u00f3ximo ano. O Brasil assumiu pela primeira vez a presid\u00eancia do grupo, que re\u00fane as 19 principais economias do mundo, a Uni\u00e3o Europeia e, a partir deste ano, tamb\u00e9m a Uni\u00e3o Africana. Antes, o Governo federal j\u00e1 tinha informado que 13 cidades v\u00e3o receber o evento em fevereiro de 2024, quando as reuni\u00f5es ministeriais ser\u00e3o iniciadas.&nbsp;<\/p>\n\n\n\n<p>\u201cAno que vem, Salvador vai receber uma s\u00e9rie de encontros de grupos de trabalho do G20, e a Prefeitura vai dar todo o apoio institucional e operacional. J\u00e1 estamos fazendo a devida articula\u00e7\u00e3o junto ao governo federal, dando apoio e a infraestrutura necess\u00e1ria para a realiza\u00e7\u00e3o e para que n\u00f3s possamos receber aqui esses grandes l\u00edderes mundiais que v\u00e3o discutir o futuro do Brasil e do mundo\u201d, afirmou o prefeito.\u00a0<\/p>\n\n\n\n<p>Ao longo do mandato, que dura um ano, o Brasil organizar\u00e1 mais de 100 reuni\u00f5es de grupos de trabalho, que ser\u00e3o realizadas tanto virtual quanto presencialmente, e cerca de 20 encontros ministeriais, culminando com a C\u00fapula de Chefes de Governo e Estado que ser\u00e1 realizada no Rio de Janeiro, entre os dias 18 e 19 de novembro de 2024.<\/p>\n\n\n\n<p>\u201cAcho que \u00e9 um reconhecimento ao grande momento que vive em Salvador, h\u00e1 o desejo de todos de virem a Salvador e que poder\u00e3o ter a oportunidade para trabalhar, para discutir os problemas globais, mas tamb\u00e9m \u00e9 um momento em que as pessoas podem conhecer a nova Salvador que n\u00f3s estamos construindo\u201d, salientou o prefeito.<\/p>\n\n\n\n<p>Fonte: Bahia Not\u00edcias <\/p>\n","protected":false},"excerpt":{"rendered":"<p>O prefeito Bruno Reis confirmou nesta quarta-feira (6) que Salvador ser\u00e1 uma das 13 cidades-sede que receber\u00e3o reuni\u00f5es tem\u00e1ticas do G20 no pr\u00f3ximo ano. O Brasil assumiu pela primeira vez a presid\u00eancia do grupo, que re\u00fane as 19 principais economias do mundo, a Uni\u00e3o Europeia e, a partir deste ano, tamb\u00e9m a Uni\u00e3o Africana. Antes, [&hellip;]<\/p>\n","protected":false},"author":2,"featured_media":6615,"comment_status":"open","ping_status":"open","sticky":false,"template":"","format":"standard","meta":{"jnews-multi-image_gallery":[],"jnews_single_post":{"subtitle":"","format":"standard","video":"","gallery":"","source_name":"","source_url":"","via_name":"","via_url":"","override_template":"0","override":[{"template":"1","single_blog_custom":"","parallax":"1","fullscreen":"1","layout":"right-sidebar","sidebar":"default-sidebar","second_sidebar":"default-sidebar","sticky_sidebar":"1","share_position":"top","share_float_style":"share-monocrhome","show_share_counter":"0","show_view_counter":"0","show_featured":"1","show_post_meta":"1","show_post_author":"0","show_post_author_image":"1","show_post_date":"1","post_date_format":"default","post_date_format_custom":"Y\/m\/d","show_post_category":"1","show_post_reading_time":"0","post_reading_time_wpm":"300","show_zoom_button":"0","zoom_button_out_step":"2","zoom_button_in_step":"3","show_post_tag":"1","show_prev_next_post":"1","show_popup_post":"1","number_popup_post":"1","show_author_box":"0","show_post_related":"0","show_inline_post_related":"0"}],"override_image_size":"0","image_override":[{"single_post_thumbnail_size":"no-crop","single_post_gallery_size":"crop-715"}],"trending_post":"0","trending_post_position":"meta","trending_post_label":"Trending","sponsored_post":"0","sponsored_post_label":"Sponsored by","sponsored_post_name":"","sponsored_post_url":"","sponsored_post_logo_enable":"0","sponsored_post_logo":"","sponsored_post_desc":"","disable_ad":"0"},"jnews_primary_category":{"id":"","hide":""},"footnotes":""},"categories":[91],"tags":[],"class_list":["post-6614","post","type-post","status-publish","format-standard","has-post-thumbnail","hentry","category-politica"],"_links":{"self":[{"href":"https:\/\/cidadebaixaonline.com.br\/index.php\/wp-json\/wp\/v2\/posts\/6614","targetHints":{"allow":["GET"]}}],"collection":[{"href":"https:\/\/cidadebaixaonline.com.br\/index.php\/wp-json\/wp\/v2\/posts"}],"about":[{"href":"https:\/\/cidadebaixaonline.com.br\/index.php\/wp-json\/wp\/v2\/types\/post"}],"author":[{"embeddable":true,"href":"https:\/\/cidadebaixaonline.com.br\/index.php\/wp-json\/wp\/v2\/users\/2"}],"replies":[{"embeddable":true,"href":"https:\/\/cidadebaixaonline.com.br\/index.php\/wp-json\/wp\/v2\/comments?post=6614"}],"version-history":[{"count":1,"href":"https:\/\/cidadebaixaonline.com.br\/index.php\/wp-json\/wp\/v2\/posts\/6614\/revisions"}],"predecessor-version":[{"id":6616,"href":"https:\/\/cidadebaixaonline.com.br\/index.php\/wp-json\/wp\/v2\/posts\/6614\/revisions\/6616"}],"wp:featuredmedia":[{"embeddable":true,"href":"https:\/\/cidadebaixaonline.com.br\/index.php\/wp-json\/wp\/v2\/media\/6615"}],"wp:attachment":[{"href":"https:\/\/cidadebaixaonline.com.br\/index.php\/wp-json\/wp\/v2\/media?parent=6614"}],"wp:term":[{"taxonomy":"category","embeddable":true,"href":"https:\/\/cidadebaixaonline.com.br\/index.php\/wp-json\/wp\/v2\/categories?post=6614"},{"taxonomy":"post_tag","embeddable":true,"href":"https:\/\/cidadebaixaonline.com.br\/index.php\/wp-json\/wp\/v2\/tags?post=6614"}],"curies":[{"name":"wp","href":"https:\/\/api.w.org\/{rel}","templated":true}]}}