{"id":6602,"date":"2023-12-06T11:45:04","date_gmt":"2023-12-06T14:45:04","guid":{"rendered":"https:\/\/cidadebaixaonline.com.br\/?p=6602"},"modified":"2023-12-06T11:45:05","modified_gmt":"2023-12-06T14:45:05","slug":"nova-avenida-vai-ligar-29-de-marco-ao-bairro-de-cajazeiras","status":"publish","type":"post","link":"https:\/\/cidadebaixaonline.com.br\/index.php\/2023\/12\/06\/nova-avenida-vai-ligar-29-de-marco-ao-bairro-de-cajazeiras\/","title":{"rendered":"Nova avenida vai ligar 29 de Mar\u00e7o ao bairro de Cajazeiras"},"content":{"rendered":"\n<p>Depois da implanta\u00e7\u00e3o da Avenida 29 de Mar\u00e7o, que aproximou a orla mar\u00edtima de Salvador da BR-324, a Companhia de Desenvolvimento Urbano da Bahia (Conder) realiza mais uma grande interven\u00e7\u00e3o do Governo do Estado para melhorar a mobilidade urbana da capital baiana. Trata-se da liga\u00e7\u00e3o da avenida 29 de Mar\u00e7o a Cajazeiras, que ir\u00e1 beneficiar milhares de fam\u00edlias que vivem na regi\u00e3o. Al\u00e9m de Cajazeiras, a interven\u00e7\u00e3o vai impactar diretamente a popula\u00e7\u00e3o dos bairros de Castelo Branco, Jardim Nova Esperan\u00e7a, Nova Bras\u00edlia e Dom Avelar.<\/p>\n\n\n\n<p>No local, 23 m\u00e1quinas de grande porte e 60 homens trabalham diuturnamente para garantir que a nova via esteja pronta e entregue para a popula\u00e7\u00e3o at\u00e9 maio de 2024. Ao todo, ser\u00e3o 2,4 km de pista, divididos em 4 vias, duas no sentido Cajazeiras e duas em dire\u00e7\u00e3o \u00e0 29 de Mar\u00e7o, em 1,2 km de extens\u00e3o. A obra conta com um investimento de mais de R$ 50 milh\u00f5es.<\/p>\n\n\n\n<p>\u201cA Conder tem contribu\u00eddo n\u00e3o s\u00f3 para criar novos vetores de desenvolvimento em todo o estado da Bahia, mas, principalmente, para melhorar a qualidade de vida das pessoas. Essa nova via de liga\u00e7\u00e3o em Salvador vem acompanhada com servi\u00e7os de drenagem e equipamentos que ir\u00e3o promover a integra\u00e7\u00e3o da comunidade, como \u00e1reas de lazer, canteiro central, ciclovias, garantindo acessibilidade e promovendo uma conviv\u00eancia de qualidade para as fam\u00edlias\u201d, afirmou o presidente da Conder, Jos\u00e9 Trindade, em visita \u00e0 obra na manh\u00e3 dessa ter\u00e7a-feira (5).<\/p>\n\n\n\n<p>Fonte: Tribuna da Bahia <\/p>\n","protected":false},"excerpt":{"rendered":"<p>Depois da implanta\u00e7\u00e3o da Avenida 29 de Mar\u00e7o, que aproximou a orla mar\u00edtima de Salvador da BR-324, a Companhia de Desenvolvimento Urbano da Bahia (Conder) realiza mais uma grande interven\u00e7\u00e3o do Governo do Estado para melhorar a mobilidade urbana da capital baiana. Trata-se da liga\u00e7\u00e3o da avenida 29 de Mar\u00e7o a Cajazeiras, que ir\u00e1 beneficiar [&hellip;]<\/p>\n","protected":false},"author":2,"featured_media":6603,"comment_status":"open","ping_status":"open","sticky":false,"template":"","format":"standard","meta":{"jnews-multi-image_gallery":[],"jnews_single_post":{"subtitle":"","format":"standard","video":"","gallery":"","source_name":"","source_url":"","via_name":"","via_url":"","override_template":"0","override":[{"template":"1","single_blog_custom":"","parallax":"1","fullscreen":"1","layout":"right-sidebar","sidebar":"default-sidebar","second_sidebar":"default-sidebar","sticky_sidebar":"1","share_position":"top","share_float_style":"share-monocrhome","show_share_counter":"0","show_view_counter":"0","show_featured":"1","show_post_meta":"1","show_post_author":"0","show_post_author_image":"1","show_post_date":"1","post_date_format":"default","post_date_format_custom":"Y\/m\/d","show_post_category":"1","show_post_reading_time":"0","post_reading_time_wpm":"300","show_zoom_button":"0","zoom_button_out_step":"2","zoom_button_in_step":"3","show_post_tag":"1","show_prev_next_post":"1","show_popup_post":"1","number_popup_post":"1","show_author_box":"0","show_post_related":"0","show_inline_post_related":"0"}],"override_image_size":"0","image_override":[{"single_post_thumbnail_size":"no-crop","single_post_gallery_size":"crop-715"}],"trending_post":"0","trending_post_position":"meta","trending_post_label":"Trending","sponsored_post":"0","sponsored_post_label":"Sponsored by","sponsored_post_name":"","sponsored_post_url":"","sponsored_post_logo_enable":"0","sponsored_post_logo":"","sponsored_post_desc":"","disable_ad":"0"},"jnews_primary_category":{"id":"","hide":""},"footnotes":""},"categories":[85],"tags":[],"class_list":["post-6602","post","type-post","status-publish","format-standard","has-post-thumbnail","hentry","category-noticias"],"_links":{"self":[{"href":"https:\/\/cidadebaixaonline.com.br\/index.php\/wp-json\/wp\/v2\/posts\/6602","targetHints":{"allow":["GET"]}}],"collection":[{"href":"https:\/\/cidadebaixaonline.com.br\/index.php\/wp-json\/wp\/v2\/posts"}],"about":[{"href":"https:\/\/cidadebaixaonline.com.br\/index.php\/wp-json\/wp\/v2\/types\/post"}],"author":[{"embeddable":true,"href":"https:\/\/cidadebaixaonline.com.br\/index.php\/wp-json\/wp\/v2\/users\/2"}],"replies":[{"embeddable":true,"href":"https:\/\/cidadebaixaonline.com.br\/index.php\/wp-json\/wp\/v2\/comments?post=6602"}],"version-history":[{"count":1,"href":"https:\/\/cidadebaixaonline.com.br\/index.php\/wp-json\/wp\/v2\/posts\/6602\/revisions"}],"predecessor-version":[{"id":6604,"href":"https:\/\/cidadebaixaonline.com.br\/index.php\/wp-json\/wp\/v2\/posts\/6602\/revisions\/6604"}],"wp:featuredmedia":[{"embeddable":true,"href":"https:\/\/cidadebaixaonline.com.br\/index.php\/wp-json\/wp\/v2\/media\/6603"}],"wp:attachment":[{"href":"https:\/\/cidadebaixaonline.com.br\/index.php\/wp-json\/wp\/v2\/media?parent=6602"}],"wp:term":[{"taxonomy":"category","embeddable":true,"href":"https:\/\/cidadebaixaonline.com.br\/index.php\/wp-json\/wp\/v2\/categories?post=6602"},{"taxonomy":"post_tag","embeddable":true,"href":"https:\/\/cidadebaixaonline.com.br\/index.php\/wp-json\/wp\/v2\/tags?post=6602"}],"curies":[{"name":"wp","href":"https:\/\/api.w.org\/{rel}","templated":true}]}}