{"id":6593,"date":"2023-12-06T11:00:09","date_gmt":"2023-12-06T14:00:09","guid":{"rendered":"https:\/\/cidadebaixaonline.com.br\/?p=6593"},"modified":"2023-12-06T11:00:11","modified_gmt":"2023-12-06T14:00:11","slug":"depois-do-mes-de-abril-diz-prefeito-sobre-anuncio-de-candidatura-a-reeleicao","status":"publish","type":"post","link":"https:\/\/cidadebaixaonline.com.br\/index.php\/2023\/12\/06\/depois-do-mes-de-abril-diz-prefeito-sobre-anuncio-de-candidatura-a-reeleicao\/","title":{"rendered":"&#8220;Depois do m\u00eas de abril&#8221;, diz prefeito sobre an\u00fancio de candidatura \u00e0 reelei\u00e7\u00e3o"},"content":{"rendered":"\n<p>Durante a inaugura\u00e7\u00e3o da primeira unidade do Cras Modelo no bairro de Val\u00e9ria, nesta ter\u00e7a-feira (5), o prefeito de Salvador, Bruno Reis (Uni\u00e3o Brasil), disse que vai confirmar se ser\u00e1 ou n\u00e3o candidato \u00e0 reelei\u00e7\u00e3o para a prefeitura da capital baiana &#8220;depois do m\u00eas de abril de 2024&#8221;.&nbsp;<\/p>\n\n\n\n<p>&#8220;Dia 6 de janeiro, dia de Reis. Foi quando eu fui lan\u00e7ado no ano de 2020. Esse ano n\u00e3o ser\u00e1 dia 6. Essa decis\u00e3o, muito provavelmente, s\u00f3 vai sair l\u00e1 depois do m\u00eas de abril de 2024&#8221;, garantiu.<\/p>\n\n\n\n<p>De acordo com o gestor municipal, no momento, o foco tem sido&nbsp;as obras entregues na cidade. &#8220;Estou focado em minhas entregas. Esse m\u00eas de dezembro e todo janeiro, onde muita gente come\u00e7a a tirar f\u00e9rias, a gente come\u00e7a a acelera mais, voc\u00eas v\u00e3o ver muitas entregas, n\u00f3s vamos fazer equipamentos importantes como esse&#8221;, afirmou.<\/p>\n\n\n\n<p>Bruno Reis tamb\u00e9m falou sobre as pr\u00f3ximas entregas que a cidade receber\u00e1. &#8220;Semana que vem tem o Mercado Modelo, a casa da mulher brasileira. Temos amanh\u00e3 o lan\u00e7amento do Natal, depois vem o Festival da Virada e o m\u00eas de janeiro com muitas entregas, como o arquivo da m\u00fasica, o museu da m\u00fasica, Praia do Flamengo e os trechos da orla, diversas obras de mobilidade que n\u00f3s vamos entregar e em fevereiro foco, a tirar os projetos do papel, tirar e fazer as entregas, o que eu tenho que fazer&#8221;, concluiu.<\/p>\n\n\n\n<p>Fonte: Varela Net <\/p>\n","protected":false},"excerpt":{"rendered":"<p>Durante a inaugura\u00e7\u00e3o da primeira unidade do Cras Modelo no bairro de Val\u00e9ria, nesta ter\u00e7a-feira (5), o prefeito de Salvador, Bruno Reis (Uni\u00e3o Brasil), disse que vai confirmar se ser\u00e1 ou n\u00e3o candidato \u00e0 reelei\u00e7\u00e3o para a prefeitura da capital baiana &#8220;depois do m\u00eas de abril de 2024&#8221;.&nbsp; &#8220;Dia 6 de janeiro, dia de Reis. [&hellip;]<\/p>\n","protected":false},"author":2,"featured_media":6594,"comment_status":"open","ping_status":"open","sticky":false,"template":"","format":"standard","meta":{"jnews-multi-image_gallery":[],"jnews_single_post":{"subtitle":"","format":"standard","video":"","gallery":"","source_name":"","source_url":"","via_name":"","via_url":"","override_template":"0","override":[{"template":"1","single_blog_custom":"","parallax":"1","fullscreen":"1","layout":"right-sidebar","sidebar":"default-sidebar","second_sidebar":"default-sidebar","sticky_sidebar":"1","share_position":"top","share_float_style":"share-monocrhome","show_share_counter":"0","show_view_counter":"0","show_featured":"1","show_post_meta":"1","show_post_author":"0","show_post_author_image":"1","show_post_date":"1","post_date_format":"default","post_date_format_custom":"Y\/m\/d","show_post_category":"1","show_post_reading_time":"0","post_reading_time_wpm":"300","show_zoom_button":"0","zoom_button_out_step":"2","zoom_button_in_step":"3","show_post_tag":"1","show_prev_next_post":"1","show_popup_post":"1","number_popup_post":"1","show_author_box":"0","show_post_related":"0","show_inline_post_related":"0"}],"override_image_size":"0","image_override":[{"single_post_thumbnail_size":"no-crop","single_post_gallery_size":"crop-715"}],"trending_post":"0","trending_post_position":"meta","trending_post_label":"Trending","sponsored_post":"0","sponsored_post_label":"Sponsored by","sponsored_post_name":"","sponsored_post_url":"","sponsored_post_logo_enable":"0","sponsored_post_logo":"","sponsored_post_desc":"","disable_ad":"0"},"jnews_primary_category":{"id":"","hide":""},"footnotes":""},"categories":[91],"tags":[],"class_list":["post-6593","post","type-post","status-publish","format-standard","has-post-thumbnail","hentry","category-politica"],"_links":{"self":[{"href":"https:\/\/cidadebaixaonline.com.br\/index.php\/wp-json\/wp\/v2\/posts\/6593","targetHints":{"allow":["GET"]}}],"collection":[{"href":"https:\/\/cidadebaixaonline.com.br\/index.php\/wp-json\/wp\/v2\/posts"}],"about":[{"href":"https:\/\/cidadebaixaonline.com.br\/index.php\/wp-json\/wp\/v2\/types\/post"}],"author":[{"embeddable":true,"href":"https:\/\/cidadebaixaonline.com.br\/index.php\/wp-json\/wp\/v2\/users\/2"}],"replies":[{"embeddable":true,"href":"https:\/\/cidadebaixaonline.com.br\/index.php\/wp-json\/wp\/v2\/comments?post=6593"}],"version-history":[{"count":1,"href":"https:\/\/cidadebaixaonline.com.br\/index.php\/wp-json\/wp\/v2\/posts\/6593\/revisions"}],"predecessor-version":[{"id":6595,"href":"https:\/\/cidadebaixaonline.com.br\/index.php\/wp-json\/wp\/v2\/posts\/6593\/revisions\/6595"}],"wp:featuredmedia":[{"embeddable":true,"href":"https:\/\/cidadebaixaonline.com.br\/index.php\/wp-json\/wp\/v2\/media\/6594"}],"wp:attachment":[{"href":"https:\/\/cidadebaixaonline.com.br\/index.php\/wp-json\/wp\/v2\/media?parent=6593"}],"wp:term":[{"taxonomy":"category","embeddable":true,"href":"https:\/\/cidadebaixaonline.com.br\/index.php\/wp-json\/wp\/v2\/categories?post=6593"},{"taxonomy":"post_tag","embeddable":true,"href":"https:\/\/cidadebaixaonline.com.br\/index.php\/wp-json\/wp\/v2\/tags?post=6593"}],"curies":[{"name":"wp","href":"https:\/\/api.w.org\/{rel}","templated":true}]}}