{"id":6572,"date":"2023-12-05T15:28:40","date_gmt":"2023-12-05T18:28:40","guid":{"rendered":"https:\/\/cidadebaixaonline.com.br\/?p=6572"},"modified":"2023-12-05T15:28:42","modified_gmt":"2023-12-05T18:28:42","slug":"governo-tem-plano-de-acoes-para-combater-seca-afirma-geraldo-junior","status":"publish","type":"post","link":"https:\/\/cidadebaixaonline.com.br\/index.php\/2023\/12\/05\/governo-tem-plano-de-acoes-para-combater-seca-afirma-geraldo-junior\/","title":{"rendered":"Governo tem plano de a\u00e7\u00f5es para combater seca, afirma Geraldo J\u00fanior"},"content":{"rendered":"\n<p>Com mais de cem munic\u00edpios baianos em situa\u00e7\u00e3o de emerg\u00eancia devido \u00e0 seca, o governador em exerc\u00edcio, Geraldo J\u00fanior (MDB), disse que um plano de a\u00e7\u00e3o j\u00e1 existe para combater o problema.<\/p>\n\n\n\n<p>\u201cN\u00f3s teremos uma reuni\u00e3o com o governador Jer\u00f4nimo Rodrigues, que chega hoje \u00e0 noite [ter\u00e7a-feira, 5]. Mais a\u00e7\u00f5es e dilig\u00eancias ser\u00e3o tomadas para combatermos a situa\u00e7\u00e3o que estamos vivendo\u201d, disse Geraldo no in\u00edcio da tarde desta ter\u00e7a-feira (5), em evento no Centro Administrativo (CAB).<\/p>\n\n\n\n<p>Deputados estaduais de oposi\u00e7\u00e3o, a exemplo de Pedro Tavares (Uni\u00e3o Brasil),\u00a0pressionam o governo para tomar uma atitude. Os parlamentares aliados, por sua vez, se articulam com o governo.<\/p>\n\n\n\n<p>\u201cAcabei de almo\u00e7ar com o grupo 8+, um grupo na Assembleia Legislativa com a participa\u00e7\u00e3o do PSD, do PP e do MDB. S\u00e3o oito deputados estaduais. Ali estava Eduardo Salles, que \u00e9 o presidente do PSD e da Comiss\u00e3o de Agricultura\u201d, concluiu Geraldo. <\/p>\n\n\n\n<p>Jer\u00f4nimo viajou com sua comitiva para o Oriente M\u00e9dio e Alemanha, junto ao presidente da Rep\u00fablica, Lula (PT).<\/p>\n\n\n\n<p>Em novembro, o superintendente de Prote\u00e7\u00e3o e Defesa Civil, Heber Santana, disse que o governo j\u00e1 atuava com a\u00e7\u00f5es emergenciais nos 123 munic\u00edpios atingidos.<\/p>\n\n\n\n<p>Fonte: Bahia.Ba <\/p>\n","protected":false},"excerpt":{"rendered":"<p>Com mais de cem munic\u00edpios baianos em situa\u00e7\u00e3o de emerg\u00eancia devido \u00e0 seca, o governador em exerc\u00edcio, Geraldo J\u00fanior (MDB), disse que um plano de a\u00e7\u00e3o j\u00e1 existe para combater o problema. \u201cN\u00f3s teremos uma reuni\u00e3o com o governador Jer\u00f4nimo Rodrigues, que chega hoje \u00e0 noite [ter\u00e7a-feira, 5]. Mais a\u00e7\u00f5es e dilig\u00eancias ser\u00e3o tomadas para [&hellip;]<\/p>\n","protected":false},"author":2,"featured_media":6573,"comment_status":"open","ping_status":"open","sticky":false,"template":"","format":"standard","meta":{"jnews-multi-image_gallery":[],"jnews_single_post":{"subtitle":"","format":"standard","video":"","gallery":"","source_name":"","source_url":"","via_name":"","via_url":"","override_template":"0","override":[{"template":"1","single_blog_custom":"","parallax":"1","fullscreen":"1","layout":"right-sidebar","sidebar":"default-sidebar","second_sidebar":"default-sidebar","sticky_sidebar":"1","share_position":"top","share_float_style":"share-monocrhome","show_share_counter":"0","show_view_counter":"0","show_featured":"1","show_post_meta":"1","show_post_author":"0","show_post_author_image":"1","show_post_date":"1","post_date_format":"default","post_date_format_custom":"Y\/m\/d","show_post_category":"1","show_post_reading_time":"0","post_reading_time_wpm":"300","show_zoom_button":"0","zoom_button_out_step":"2","zoom_button_in_step":"3","show_post_tag":"1","show_prev_next_post":"1","show_popup_post":"1","number_popup_post":"1","show_author_box":"0","show_post_related":"0","show_inline_post_related":"0"}],"override_image_size":"0","image_override":[{"single_post_thumbnail_size":"no-crop","single_post_gallery_size":"crop-715"}],"trending_post":"0","trending_post_position":"meta","trending_post_label":"Trending","sponsored_post":"0","sponsored_post_label":"Sponsored by","sponsored_post_name":"","sponsored_post_url":"","sponsored_post_logo_enable":"0","sponsored_post_logo":"","sponsored_post_desc":"","disable_ad":"0"},"jnews_primary_category":{"id":"","hide":""},"footnotes":""},"categories":[91],"tags":[],"class_list":["post-6572","post","type-post","status-publish","format-standard","has-post-thumbnail","hentry","category-politica"],"_links":{"self":[{"href":"https:\/\/cidadebaixaonline.com.br\/index.php\/wp-json\/wp\/v2\/posts\/6572","targetHints":{"allow":["GET"]}}],"collection":[{"href":"https:\/\/cidadebaixaonline.com.br\/index.php\/wp-json\/wp\/v2\/posts"}],"about":[{"href":"https:\/\/cidadebaixaonline.com.br\/index.php\/wp-json\/wp\/v2\/types\/post"}],"author":[{"embeddable":true,"href":"https:\/\/cidadebaixaonline.com.br\/index.php\/wp-json\/wp\/v2\/users\/2"}],"replies":[{"embeddable":true,"href":"https:\/\/cidadebaixaonline.com.br\/index.php\/wp-json\/wp\/v2\/comments?post=6572"}],"version-history":[{"count":1,"href":"https:\/\/cidadebaixaonline.com.br\/index.php\/wp-json\/wp\/v2\/posts\/6572\/revisions"}],"predecessor-version":[{"id":6574,"href":"https:\/\/cidadebaixaonline.com.br\/index.php\/wp-json\/wp\/v2\/posts\/6572\/revisions\/6574"}],"wp:featuredmedia":[{"embeddable":true,"href":"https:\/\/cidadebaixaonline.com.br\/index.php\/wp-json\/wp\/v2\/media\/6573"}],"wp:attachment":[{"href":"https:\/\/cidadebaixaonline.com.br\/index.php\/wp-json\/wp\/v2\/media?parent=6572"}],"wp:term":[{"taxonomy":"category","embeddable":true,"href":"https:\/\/cidadebaixaonline.com.br\/index.php\/wp-json\/wp\/v2\/categories?post=6572"},{"taxonomy":"post_tag","embeddable":true,"href":"https:\/\/cidadebaixaonline.com.br\/index.php\/wp-json\/wp\/v2\/tags?post=6572"}],"curies":[{"name":"wp","href":"https:\/\/api.w.org\/{rel}","templated":true}]}}