{"id":6566,"date":"2023-12-05T14:52:50","date_gmt":"2023-12-05T17:52:50","guid":{"rendered":"https:\/\/cidadebaixaonline.com.br\/?p=6566"},"modified":"2023-12-05T14:52:52","modified_gmt":"2023-12-05T17:52:52","slug":"atletico-mg-tem-duas-duvidas-na-defesa-para-a-decisao-contra-o-bahia","status":"publish","type":"post","link":"https:\/\/cidadebaixaonline.com.br\/index.php\/2023\/12\/05\/atletico-mg-tem-duas-duvidas-na-defesa-para-a-decisao-contra-o-bahia\/","title":{"rendered":"Atl\u00e9tico-MG tem duas d\u00favidas na defesa para a decis\u00e3o contra o Bahia"},"content":{"rendered":"\n<p>Ainda sonhando com o t\u00edtulo do Campeonato Brasileiro, o Atl\u00e9tico-MG tem duas d\u00favidas na defesa para definir o time titular que enfrentar\u00e1 o Bahia, nesta quarta-feira (6), \u00e0s 21h30, na Arena Fonte Nova, pela 38\u00aa rodada. O zagueiro Maur\u00edcio Lemos e o lateral-direito Saravia ficaram de fora da vit\u00f3ria sobre o S\u00e3o Paulo, no \u00faltimo s\u00e1bado (2), por conta de problemas musculares.<\/p>\n\n\n\n<p>A dupla ainda n\u00e3o est\u00e1 confirmada para a decis\u00e3o diante do Tricolor. Outra baixa \u00e9 o goleiro reserva Matheus Mendes que recebeu o terceiro cart\u00e3o amarelo diante do Tricolor paulista e vai cumprir suspens\u00e3o autom\u00e1tica. Por outro lado, o t\u00e9cnico Felip\u00e3o volta a contar com o zagueiro Jemerson, que ficou fora da \u00faltima partida pelo mesmo motivo do arqueiro. Enquanto o experiente zagueiro R\u00e9ver se colocou \u00e0 disposi\u00e7\u00e3o para viajar com o elenco para Salvador. A prov\u00e1vel escala\u00e7\u00e3o do Galo deve ser: Everson; Mariano, Jemerson (R\u00e9ver), Igor Rabello (Maur\u00edcio Lemos) e Guilherme Arana; Ot\u00e1vio, Eden\u00edlson, Zaracho e Igor Gomes; Paulinho e Hulk.<\/p>\n\n\n\n<p>O Atl\u00e9tico-MG \u00e9 o vice-l\u00edder da tabela de classifica\u00e7\u00e3o com 66 pontos, tr\u00eas a menos do que o Palmeiras, que \u00e9 o primeiro. Para ser campe\u00e3o, o Galo precisa torcer por uma derrota do Verd\u00e3o, que enfrenta o Cruzeiro, no Mineir\u00e3o, no mesmo dia e hor\u00e1rio, e golear o Bahia para tirar um saldo de oito gols. J\u00e1 o Tricolor, abre a zona de rebaixamento em 17\u00ba lugar com 41, um a menos do que o Vasco, que est\u00e1 fora da degola em 16\u00ba. Para ficar na elite, o time baiano precisa vencer ou empatar o jogo e o Cruzmaltino perder para o Red Bull Bragantino, em S\u00e3o Janu\u00e1rio.<\/p>\n\n\n\n<p>Fonte: Bahia Not\u00edcias <\/p>\n","protected":false},"excerpt":{"rendered":"<p>Ainda sonhando com o t\u00edtulo do Campeonato Brasileiro, o Atl\u00e9tico-MG tem duas d\u00favidas na defesa para definir o time titular que enfrentar\u00e1 o Bahia, nesta quarta-feira (6), \u00e0s 21h30, na Arena Fonte Nova, pela 38\u00aa rodada. O zagueiro Maur\u00edcio Lemos e o lateral-direito Saravia ficaram de fora da vit\u00f3ria sobre o S\u00e3o Paulo, no \u00faltimo [&hellip;]<\/p>\n","protected":false},"author":2,"featured_media":6567,"comment_status":"open","ping_status":"open","sticky":false,"template":"","format":"standard","meta":{"jnews-multi-image_gallery":[],"jnews_single_post":{"subtitle":"","format":"standard","video":"","gallery":"","source_name":"","source_url":"","via_name":"","via_url":"","override_template":"0","override":[{"template":"1","single_blog_custom":"","parallax":"1","fullscreen":"1","layout":"right-sidebar","sidebar":"default-sidebar","second_sidebar":"default-sidebar","sticky_sidebar":"1","share_position":"top","share_float_style":"share-monocrhome","show_share_counter":"0","show_view_counter":"0","show_featured":"1","show_post_meta":"1","show_post_author":"0","show_post_author_image":"1","show_post_date":"1","post_date_format":"default","post_date_format_custom":"Y\/m\/d","show_post_category":"1","show_post_reading_time":"0","post_reading_time_wpm":"300","show_zoom_button":"0","zoom_button_out_step":"2","zoom_button_in_step":"3","show_post_tag":"1","show_prev_next_post":"1","show_popup_post":"1","number_popup_post":"1","show_author_box":"0","show_post_related":"0","show_inline_post_related":"0"}],"override_image_size":"0","image_override":[{"single_post_thumbnail_size":"no-crop","single_post_gallery_size":"crop-715"}],"trending_post":"0","trending_post_position":"meta","trending_post_label":"Trending","sponsored_post":"0","sponsored_post_label":"Sponsored by","sponsored_post_name":"","sponsored_post_url":"","sponsored_post_logo_enable":"0","sponsored_post_logo":"","sponsored_post_desc":"","disable_ad":"0"},"jnews_primary_category":{"id":"","hide":""},"footnotes":""},"categories":[89],"tags":[],"class_list":["post-6566","post","type-post","status-publish","format-standard","has-post-thumbnail","hentry","category-esportes"],"_links":{"self":[{"href":"https:\/\/cidadebaixaonline.com.br\/index.php\/wp-json\/wp\/v2\/posts\/6566","targetHints":{"allow":["GET"]}}],"collection":[{"href":"https:\/\/cidadebaixaonline.com.br\/index.php\/wp-json\/wp\/v2\/posts"}],"about":[{"href":"https:\/\/cidadebaixaonline.com.br\/index.php\/wp-json\/wp\/v2\/types\/post"}],"author":[{"embeddable":true,"href":"https:\/\/cidadebaixaonline.com.br\/index.php\/wp-json\/wp\/v2\/users\/2"}],"replies":[{"embeddable":true,"href":"https:\/\/cidadebaixaonline.com.br\/index.php\/wp-json\/wp\/v2\/comments?post=6566"}],"version-history":[{"count":1,"href":"https:\/\/cidadebaixaonline.com.br\/index.php\/wp-json\/wp\/v2\/posts\/6566\/revisions"}],"predecessor-version":[{"id":6568,"href":"https:\/\/cidadebaixaonline.com.br\/index.php\/wp-json\/wp\/v2\/posts\/6566\/revisions\/6568"}],"wp:featuredmedia":[{"embeddable":true,"href":"https:\/\/cidadebaixaonline.com.br\/index.php\/wp-json\/wp\/v2\/media\/6567"}],"wp:attachment":[{"href":"https:\/\/cidadebaixaonline.com.br\/index.php\/wp-json\/wp\/v2\/media?parent=6566"}],"wp:term":[{"taxonomy":"category","embeddable":true,"href":"https:\/\/cidadebaixaonline.com.br\/index.php\/wp-json\/wp\/v2\/categories?post=6566"},{"taxonomy":"post_tag","embeddable":true,"href":"https:\/\/cidadebaixaonline.com.br\/index.php\/wp-json\/wp\/v2\/tags?post=6566"}],"curies":[{"name":"wp","href":"https:\/\/api.w.org\/{rel}","templated":true}]}}