{"id":6560,"date":"2023-12-05T14:28:09","date_gmt":"2023-12-05T17:28:09","guid":{"rendered":"https:\/\/cidadebaixaonline.com.br\/?p=6560"},"modified":"2023-12-05T14:28:11","modified_gmt":"2023-12-05T17:28:11","slug":"nova-sede-da-rondesp-no-bairro-do-bonfim-em-salvador-e-inaugurada","status":"publish","type":"post","link":"https:\/\/cidadebaixaonline.com.br\/index.php\/2023\/12\/05\/nova-sede-da-rondesp-no-bairro-do-bonfim-em-salvador-e-inaugurada\/","title":{"rendered":"Nova sede da Rondesp, no bairro do Bonfim em Salvador \u00e9 inaugurada"},"content":{"rendered":"\n<p>A nova sede da Companhia Independente de Policiamento T\u00e1tico Ba\u00eda de Todos-os-Santos (Rondesp\/BTS), localizada na \u00e1rea da Vila Militar Policial do Bonfim, em Salvador, foi inaugurada, nesta ter\u00e7a-feira (5), pelo governador da Bahia em exerc\u00edcio, Geraldo J\u00fanior. O novo pr\u00e9dio vai acolher o efetivo de 100 policiais militares. &nbsp;<\/p>\n\n\n\n<p>Esta \u00e9 a 51\u00aa unidade entregue pela Secretaria de Seguran\u00e7a P\u00fablica (SSP-BA), com o objetivo de reestruturar a rede f\u00edsica das for\u00e7as de seguran\u00e7a do estado. Tamb\u00e9m participaram da inaugura\u00e7\u00e3o o secret\u00e1rio de Seguran\u00e7a P\u00fablica, Marcelo Werner, o comandante geral da Pol\u00edcia Militar, coronel Paulo Coutinho, entre outras autoridades.&nbsp;<\/p>\n\n\n\n<p><strong>\u201cO que n\u00f3s encontramos aqui \u00e9 um instrumento, um equipamento digno da Pol\u00edcia Militar da Bahia. O coronel Coutinho tem uma pol\u00edtica institucional do enfrentamento, da seguran\u00e7a cidad\u00e3, de preserva\u00e7\u00e3o de vidas, mas, acima de tudo, de cuidar. Ao lado dele, o subcomandante, coronel Nilton Machado, cuidam e transformam a vida dessas pessoas que se dedicam \u00e0 seguran\u00e7a p\u00fablica do nosso estado,\u201d avaliou o governador em exerc\u00edcio.&nbsp;<\/strong><\/p>\n\n\n\n<p>O secret\u00e1rio Marcelo Werner explicou que esta \u00e9 uma unidade operacional essencial, muito importante para o patrulhamento ostensivo da regi\u00e3o da Ba\u00eda de Todos-os-Santos e lembrou que todas as for\u00e7as de seguran\u00e7a est\u00e3o recebendo investimentos para dar melhores condi\u00e7\u00f5es de trabalho aos agentes. \u201cOntem, tamb\u00e9m tivemos entrega no DPT [Departamento de Pol\u00edcia T\u00e9cnica], n\u00e3o s\u00f3 de viaturas e de ambul\u00e2ncia, mas de equipamentos de primeira qualidade para fortalecer a per\u00edcia. Hoje, a gente complementa a semana de entregas com a uma unidade nova, de uma companhia nova, valorizando os nossos policiais e, l\u00f3gico, prestando tamb\u00e9m, consequentemente, um melhor atendimento \u00e0 popula\u00e7\u00e3o\u201d, destacou o titular da SSP-BA.&nbsp;<\/p>\n\n\n\n<p><strong>\u201cUma gest\u00e3o de uma pol\u00edtica de Estado em que a gente valoriza o nosso recurso maior, que \u00e9 humano, para estar nas ruas levando seguran\u00e7a \u00e0 sociedade. E n\u00f3s agradecemos por este momento, pela sensibilidade de olhar para a seguran\u00e7a p\u00fablica, em especial \u00e0 Pol\u00edcia Militar da Bahia. E s\u00f3 temos obriga\u00e7\u00e3o de retornar com servi\u00e7o e, sobretudo, de excel\u00eancia para essa sociedade baiana, que tanto merece\u201d, refor\u00e7ou o comandante-geral da Pol\u00edcia Militar da Bahia (PMBA).&nbsp;<\/strong><\/p>\n\n\n\n<p>A Seguran\u00e7a P\u00fablica da Bahia est\u00e1 passando pela maior reestrutura\u00e7\u00e3o da rede f\u00edsica da sua hist\u00f3ria. A previs\u00e3o \u00e9 de que 600 unidades, entre novas e reformadas, sejam entregues nos pr\u00f3ximos anos na capital e no interior do estado. &nbsp;<\/p>\n\n\n\n<p>S\u00e3o novas delegacias, companhias independentes, batalh\u00f5es, al\u00e9m de novos computadores, sistemas de inform\u00e1tica, armamentos, coletes \u00e0 prova de balas, viaturas, dentre outros recursos. Concursos e novas contrata\u00e7\u00f5es tamb\u00e9m fazem parte do investimento.\u00a0<\/p>\n\n\n\n<p>Fonte: Tribuna da Bahia <\/p>\n","protected":false},"excerpt":{"rendered":"<p>A nova sede da Companhia Independente de Policiamento T\u00e1tico Ba\u00eda de Todos-os-Santos (Rondesp\/BTS), localizada na \u00e1rea da Vila Militar Policial do Bonfim, em Salvador, foi inaugurada, nesta ter\u00e7a-feira (5), pelo governador da Bahia em exerc\u00edcio, Geraldo J\u00fanior. O novo pr\u00e9dio vai acolher o efetivo de 100 policiais militares. &nbsp; Esta \u00e9 a 51\u00aa unidade entregue [&hellip;]<\/p>\n","protected":false},"author":2,"featured_media":6561,"comment_status":"open","ping_status":"open","sticky":false,"template":"","format":"standard","meta":{"jnews-multi-image_gallery":[],"jnews_single_post":{"subtitle":"","format":"standard","video":"","gallery":"","source_name":"","source_url":"","via_name":"","via_url":"","override_template":"0","override":[{"template":"1","single_blog_custom":"","parallax":"1","fullscreen":"1","layout":"right-sidebar","sidebar":"default-sidebar","second_sidebar":"default-sidebar","sticky_sidebar":"1","share_position":"top","share_float_style":"share-monocrhome","show_share_counter":"0","show_view_counter":"0","show_featured":"1","show_post_meta":"1","show_post_author":"0","show_post_author_image":"1","show_post_date":"1","post_date_format":"default","post_date_format_custom":"Y\/m\/d","show_post_category":"1","show_post_reading_time":"0","post_reading_time_wpm":"300","show_zoom_button":"0","zoom_button_out_step":"2","zoom_button_in_step":"3","show_post_tag":"1","show_prev_next_post":"1","show_popup_post":"1","number_popup_post":"1","show_author_box":"0","show_post_related":"0","show_inline_post_related":"0"}],"override_image_size":"0","image_override":[{"single_post_thumbnail_size":"no-crop","single_post_gallery_size":"crop-715"}],"trending_post":"0","trending_post_position":"meta","trending_post_label":"Trending","sponsored_post":"0","sponsored_post_label":"Sponsored by","sponsored_post_name":"","sponsored_post_url":"","sponsored_post_logo_enable":"0","sponsored_post_logo":"","sponsored_post_desc":"","disable_ad":"0"},"jnews_primary_category":{"id":"","hide":""},"footnotes":""},"categories":[85],"tags":[],"class_list":["post-6560","post","type-post","status-publish","format-standard","has-post-thumbnail","hentry","category-noticias"],"_links":{"self":[{"href":"https:\/\/cidadebaixaonline.com.br\/index.php\/wp-json\/wp\/v2\/posts\/6560","targetHints":{"allow":["GET"]}}],"collection":[{"href":"https:\/\/cidadebaixaonline.com.br\/index.php\/wp-json\/wp\/v2\/posts"}],"about":[{"href":"https:\/\/cidadebaixaonline.com.br\/index.php\/wp-json\/wp\/v2\/types\/post"}],"author":[{"embeddable":true,"href":"https:\/\/cidadebaixaonline.com.br\/index.php\/wp-json\/wp\/v2\/users\/2"}],"replies":[{"embeddable":true,"href":"https:\/\/cidadebaixaonline.com.br\/index.php\/wp-json\/wp\/v2\/comments?post=6560"}],"version-history":[{"count":1,"href":"https:\/\/cidadebaixaonline.com.br\/index.php\/wp-json\/wp\/v2\/posts\/6560\/revisions"}],"predecessor-version":[{"id":6562,"href":"https:\/\/cidadebaixaonline.com.br\/index.php\/wp-json\/wp\/v2\/posts\/6560\/revisions\/6562"}],"wp:featuredmedia":[{"embeddable":true,"href":"https:\/\/cidadebaixaonline.com.br\/index.php\/wp-json\/wp\/v2\/media\/6561"}],"wp:attachment":[{"href":"https:\/\/cidadebaixaonline.com.br\/index.php\/wp-json\/wp\/v2\/media?parent=6560"}],"wp:term":[{"taxonomy":"category","embeddable":true,"href":"https:\/\/cidadebaixaonline.com.br\/index.php\/wp-json\/wp\/v2\/categories?post=6560"},{"taxonomy":"post_tag","embeddable":true,"href":"https:\/\/cidadebaixaonline.com.br\/index.php\/wp-json\/wp\/v2\/tags?post=6560"}],"curies":[{"name":"wp","href":"https:\/\/api.w.org\/{rel}","templated":true}]}}