{"id":6548,"date":"2023-12-05T13:54:55","date_gmt":"2023-12-05T16:54:55","guid":{"rendered":"https:\/\/cidadebaixaonline.com.br\/?p=6548"},"modified":"2023-12-05T13:54:57","modified_gmt":"2023-12-05T16:54:57","slug":"idosa-comemora-aniversario-de-122-anos-em-vitoria-da-conquista","status":"publish","type":"post","link":"https:\/\/cidadebaixaonline.com.br\/index.php\/2023\/12\/05\/idosa-comemora-aniversario-de-122-anos-em-vitoria-da-conquista\/","title":{"rendered":"Idosa comemora anivers\u00e1rio de 122 anos em Vit\u00f3ria da Conquista"},"content":{"rendered":"\n<p>Uma idosa comemorou uma incr\u00edvel marca em sua longa vida. Com ajuda da Pol\u00edcia Militar (PM-BA), dona Eufrosina celebrou seu 122\u00ba anivers\u00e1rio, na cidade de Vit\u00f3ria da Conquista, na regi\u00e3o centro-sul do estado.\u00a0<\/p>\n\n\n\n<p>Eufrosina nasceu em 29 de outubro de 1901, mas o anivers\u00e1rio dela aconteceu somente no \u00faltimo s\u00e1bado, 2 de dezembro.&nbsp;A festa foi organizada pela Patrulha Solid\u00e1ria do Comando de Policiamento da Regi\u00e3o Sudoeste (CPRSO) e contou com a presen\u00e7a de familiares e amigos.<\/p>\n\n\n\n<p>Conhecida como dona Lov\u00e9a, Eufrosina nasceu pr\u00f3ximo ao Quilombo Boqueir\u00e3o, tamb\u00e9m em Vit\u00f3ria da Conquista. Ao longo da vida, ela trabalhou pegando lenha e, ao todo, teve quatro filhos.<\/p>\n\n\n\n<figure class=\"wp-block-image\"><img decoding=\"async\" src=\"https:\/\/cdn.atarde.com.br\/img\/inline\/1250000\/0x0\/Idosa-comemora-aniversario-de-122-anos-em-Vitoria-0125101100202312050920.webp?fallback=https%3A%2F%2Fcdn.atarde.com.br%2Fimg%2Finline%2F1250000%2FIdosa-comemora-aniversario-de-122-anos-em-Vitoria-0125101100202312050920.jpg%3Fxid%3D6039670&amp;xid=6039670\" alt=\"Imagem ilustrativa da imagem Idosa comemora anivers\u00e1rio de 122 anos em Vit\u00f3ria da Conquista\"\/><\/figure>\n\n\n\n<p>&#8220;A patrulha solid\u00e1ria prometeu o aniversario de 122 anos de dona Lov\u00e9a e n\u00f3s estamos aqui, no alto do Petr\u00f3polis, em uma festa linda. Olha a quantidade de pessoas aqui: netos, bisnetos, tataranetos, vizinhos. Olha as amigas dela aqui&#8221;, disse a capit\u00e3 Alice.<\/p>\n\n\n\n<p>Eufrosina ainda ganhou da PM uma boneca, em homenagem \u00e0 ela, vestida com a farda da patrulha solid\u00e1ria.<strong>Mais velha do mundo?<\/strong><\/p>\n\n\n\n<p>Apesar da marca expressiva, a idosa n\u00e3o \u00e9 a pessoa mais velha do mundo. Inclusive, no estado da Bahia, em Bom Jesus da Lapa, a idosa Maria Gomes dos Reis nasceu em 16 de junho de 1900, no povoado de Bela Vista.<\/p>\n\n\n\n<p>De acordo com o Guiness Book, o titulo de &#8216;pessoa mais velha do mundo&#8217; pertence a mexicana\u00a0Mar\u00eda Branyas, de 115 anos.<\/p>\n\n\n\n<p>Fonte: A Tarde <\/p>\n","protected":false},"excerpt":{"rendered":"<p>Uma idosa comemorou uma incr\u00edvel marca em sua longa vida. Com ajuda da Pol\u00edcia Militar (PM-BA), dona Eufrosina celebrou seu 122\u00ba anivers\u00e1rio, na cidade de Vit\u00f3ria da Conquista, na regi\u00e3o centro-sul do estado.\u00a0 Eufrosina nasceu em 29 de outubro de 1901, mas o anivers\u00e1rio dela aconteceu somente no \u00faltimo s\u00e1bado, 2 de dezembro.&nbsp;A festa foi [&hellip;]<\/p>\n","protected":false},"author":2,"featured_media":6549,"comment_status":"open","ping_status":"open","sticky":false,"template":"","format":"standard","meta":{"jnews-multi-image_gallery":[],"jnews_single_post":{"subtitle":"","format":"standard","video":"","gallery":"","source_name":"","source_url":"","via_name":"","via_url":"","override_template":"0","override":[{"template":"1","single_blog_custom":"","parallax":"1","fullscreen":"1","layout":"right-sidebar","sidebar":"default-sidebar","second_sidebar":"default-sidebar","sticky_sidebar":"1","share_position":"top","share_float_style":"share-monocrhome","show_share_counter":"0","show_view_counter":"0","show_featured":"1","show_post_meta":"1","show_post_author":"0","show_post_author_image":"1","show_post_date":"1","post_date_format":"default","post_date_format_custom":"Y\/m\/d","show_post_category":"1","show_post_reading_time":"0","post_reading_time_wpm":"300","show_zoom_button":"0","zoom_button_out_step":"2","zoom_button_in_step":"3","show_post_tag":"1","show_prev_next_post":"1","show_popup_post":"1","number_popup_post":"1","show_author_box":"0","show_post_related":"0","show_inline_post_related":"0"}],"override_image_size":"0","image_override":[{"single_post_thumbnail_size":"no-crop","single_post_gallery_size":"crop-715"}],"trending_post":"0","trending_post_position":"meta","trending_post_label":"Trending","sponsored_post":"0","sponsored_post_label":"Sponsored by","sponsored_post_name":"","sponsored_post_url":"","sponsored_post_logo_enable":"0","sponsored_post_logo":"","sponsored_post_desc":"","disable_ad":"0"},"jnews_primary_category":{"id":"","hide":""},"footnotes":""},"categories":[85],"tags":[],"class_list":["post-6548","post","type-post","status-publish","format-standard","has-post-thumbnail","hentry","category-noticias"],"_links":{"self":[{"href":"https:\/\/cidadebaixaonline.com.br\/index.php\/wp-json\/wp\/v2\/posts\/6548","targetHints":{"allow":["GET"]}}],"collection":[{"href":"https:\/\/cidadebaixaonline.com.br\/index.php\/wp-json\/wp\/v2\/posts"}],"about":[{"href":"https:\/\/cidadebaixaonline.com.br\/index.php\/wp-json\/wp\/v2\/types\/post"}],"author":[{"embeddable":true,"href":"https:\/\/cidadebaixaonline.com.br\/index.php\/wp-json\/wp\/v2\/users\/2"}],"replies":[{"embeddable":true,"href":"https:\/\/cidadebaixaonline.com.br\/index.php\/wp-json\/wp\/v2\/comments?post=6548"}],"version-history":[{"count":1,"href":"https:\/\/cidadebaixaonline.com.br\/index.php\/wp-json\/wp\/v2\/posts\/6548\/revisions"}],"predecessor-version":[{"id":6550,"href":"https:\/\/cidadebaixaonline.com.br\/index.php\/wp-json\/wp\/v2\/posts\/6548\/revisions\/6550"}],"wp:featuredmedia":[{"embeddable":true,"href":"https:\/\/cidadebaixaonline.com.br\/index.php\/wp-json\/wp\/v2\/media\/6549"}],"wp:attachment":[{"href":"https:\/\/cidadebaixaonline.com.br\/index.php\/wp-json\/wp\/v2\/media?parent=6548"}],"wp:term":[{"taxonomy":"category","embeddable":true,"href":"https:\/\/cidadebaixaonline.com.br\/index.php\/wp-json\/wp\/v2\/categories?post=6548"},{"taxonomy":"post_tag","embeddable":true,"href":"https:\/\/cidadebaixaonline.com.br\/index.php\/wp-json\/wp\/v2\/tags?post=6548"}],"curies":[{"name":"wp","href":"https:\/\/api.w.org\/{rel}","templated":true}]}}